{"id":10124,"date":"2020-06-15T12:09:26","date_gmt":"2020-06-15T10:09:26","guid":{"rendered":"http:\/\/elem-granvelle-besancon.ac-besancon.fr\/?p=10124"},"modified":"2020-06-15T12:09:34","modified_gmt":"2020-06-15T10:09:34","slug":"urgent-pai-message-de-la-medecine-scolaire","status":"publish","type":"post","link":"http:\/\/elem-granvelle-besancon.ac-besancon.fr\/?p=10124","title":{"rendered":"URGENT; PAI Message de la m\u00e9decine scolaire"},"content":{"rendered":"<p><u><b>De la part de Madame le Docteur Marl\u00e8ne POLY, M\u00e9decin scolaire<\/b><\/u><\/p>\n<div>\n<div>\n<div>\n<div>\n<p>Bonjour Mesdames les Directrices, Messieurs les Directeurs,<\/p>\n<div>\n<div>\n<div>\n<div>\n<div>\n<div>\n<div>Vous trouverez ci-joint le courrier de reconduction ou non des PAI pour la rentr\u00e9e scolaire 2020\/2021.<br \/>\nNous vous remercions par avance de\u00a0<b><u>transmettre ce document aux parents et de recenser toutes les demandes<\/u><\/b>.<br \/>\nSuivant la probl\u00e9matique de sant\u00e9, une r\u00e9union de PAI sera propos\u00e9e aux parents.<\/div>\n<\/div>\n<div>Document \u00e0 t\u00e9l\u00e9charger et \u00e0 renvoyer au directeur; <a href=\"mailto:ecolegranvelle@gmail.com\">ecolegranvelle@gmail.com<\/a><\/div>\n<\/div>\n<div>\n<hr \/>\n<p><span style=\"color: #ff0000\"><strong><a style=\"color: #ff0000\" href=\"http:\/\/elem-granvelle-besancon.ac-besancon.fr\/wp-content\/uploads\/sites\/15\/2020\/06\/Lettre-de-reconduction-ou-non-de-PAI-2020-2021.doc\">Lettre de reconduction ou non de PAI 2020 2021<\/a><\/strong><\/span><\/p>\n<\/div>\n<\/div>\n<\/div>\n<\/div>\n<div><\/div>\n<div>\n<div>\n<div><\/div>\n<\/div>\n<\/div>\n<\/div>\n<\/div>\n<\/div>\n<\/div>\n<\/div>\n","protected":false},"excerpt":{"rendered":"<p>De la part de Madame le Docteur Marl\u00e8ne POLY, M\u00e9decin scolaire Bonjour Mesdames les Directrices, Messieurs les Directeurs, Vous trouverez ci-joint le courrier de reconduction ou non des PAI pour la rentr\u00e9e scolaire 2020\/2021. Nous vous remercions par avance de\u00a0transmettre &hellip; <a href=\"http:\/\/elem-granvelle-besancon.ac-besancon.fr\/?p=10124\">Continuer la lecture <span class=\"meta-nav\">&rarr;<\/span><\/a><\/p>\n","protected":false},"author":16,"featured_media":0,"comment_status":"closed","ping_status":"open","sticky":false,"template":"","format":"standard","meta":{"footnotes":""},"categories":[15,6,7,1,5,2,3,41,16,4],"tags":[],"class_list":["post-10124","post","type-post","status-publish","format-standard","hentry","category-apeeg","category-classe-ce1","category-classe-cm1","category-classe-cm2","category-classe-cp","category-infos-parents","category-les-classes","category-periscolaire","category-representants-des-parents-d-eleves","category-vie-de-l-ecole"],"_links":{"self":[{"href":"http:\/\/elem-granvelle-besancon.ac-besancon.fr\/index.php?rest_route=\/wp\/v2\/posts\/10124","targetHints":{"allow":["GET"]}}],"collection":[{"href":"http:\/\/elem-granvelle-besancon.ac-besancon.fr\/index.php?rest_route=\/wp\/v2\/posts"}],"about":[{"href":"http:\/\/elem-granvelle-besancon.ac-besancon.fr\/index.php?rest_route=\/wp\/v2\/types\/post"}],"author":[{"embeddable":true,"href":"http:\/\/elem-granvelle-besancon.ac-besancon.fr\/index.php?rest_route=\/wp\/v2\/users\/16"}],"replies":[{"embeddable":true,"href":"http:\/\/elem-granvelle-besancon.ac-besancon.fr\/index.php?rest_route=%2Fwp%2Fv2%2Fcomments&post=10124"}],"version-history":[{"count":2,"href":"http:\/\/elem-granvelle-besancon.ac-besancon.fr\/index.php?rest_route=\/wp\/v2\/posts\/10124\/revisions"}],"predecessor-version":[{"id":10127,"href":"http:\/\/elem-granvelle-besancon.ac-besancon.fr\/index.php?rest_route=\/wp\/v2\/posts\/10124\/revisions\/10127"}],"wp:attachment":[{"href":"http:\/\/elem-granvelle-besancon.ac-besancon.fr\/index.php?rest_route=%2Fwp%2Fv2%2Fmedia&parent=10124"}],"wp:term":[{"taxonomy":"category","embeddable":true,"href":"http:\/\/elem-granvelle-besancon.ac-besancon.fr\/index.php?rest_route=%2Fwp%2Fv2%2Fcategories&post=10124"},{"taxonomy":"post_tag","embeddable":true,"href":"http:\/\/elem-granvelle-besancon.ac-besancon.fr\/index.php?rest_route=%2Fwp%2Fv2%2Ftags&post=10124"}],"curies":[{"name":"wp","href":"https:\/\/api.w.org\/{rel}","templated":true}]}}