{"id":10324,"date":"2020-07-01T18:15:32","date_gmt":"2020-07-01T16:15:32","guid":{"rendered":"http:\/\/elem-granvelle-besancon.ac-besancon.fr\/?p=10324"},"modified":"2020-07-02T10:10:53","modified_gmt":"2020-07-02T08:10:53","slug":"jeudi-2-juillet-2020-cm1-cm2","status":"publish","type":"post","link":"http:\/\/elem-granvelle-besancon.ac-besancon.fr\/?p=10324","title":{"rendered":"JEUDI 2 JUILLET 2020 CM1 CM2"},"content":{"rendered":"<p><img loading=\"lazy\" decoding=\"async\" class=\"aligncenter size-full wp-image-10649\" src=\"http:\/\/elem-granvelle-besancon.ac-besancon.fr\/wp-content\/uploads\/sites\/15\/2020\/06\/shadoks-pompe-\u00e0-PB.jpg\" alt=\"\" width=\"886\" height=\"215\" srcset=\"http:\/\/elem-granvelle-besancon.ac-besancon.fr\/wp-content\/uploads\/sites\/15\/2020\/06\/shadoks-pompe-\u00e0-PB.jpg 886w, http:\/\/elem-granvelle-besancon.ac-besancon.fr\/wp-content\/uploads\/sites\/15\/2020\/06\/shadoks-pompe-\u00e0-PB-300x73.jpg 300w, http:\/\/elem-granvelle-besancon.ac-besancon.fr\/wp-content\/uploads\/sites\/15\/2020\/06\/shadoks-pompe-\u00e0-PB-768x186.jpg 768w, http:\/\/elem-granvelle-besancon.ac-besancon.fr\/wp-content\/uploads\/sites\/15\/2020\/06\/shadoks-pompe-\u00e0-PB-500x121.jpg 500w\" sizes=\"auto, (max-width: 886px) 100vw, 886px\" \/><\/p>\n<p style=\"text-align: center\"><span style=\"color: #ff0000\">Phrase du jour<\/span><\/p>\n<p>N&#8217;oublie pas: &#8221; Pour chaque probl\u00e8me,\u00a0 il y a toujours une pompe et, si \u00e7a ne marche pas, c&#8217;est toujours mieux de pomper que de rester l\u00e0\u00a0 sans rien faire&#8221;.<\/p>\n<p style=\"text-align: center\"><span style=\"color: #ff0000\">S\u00e9curit\u00e9 routi\u00e8re : attention aux jours de m\u00e9nage&#8230;<\/span><\/p>\n<p><img loading=\"lazy\" decoding=\"async\" class=\"aligncenter wp-image-10727\" src=\"http:\/\/elem-granvelle-besancon.ac-besancon.fr\/wp-content\/uploads\/sites\/15\/2020\/07\/balai.jpg\" alt=\"\" width=\"400\" height=\"465\" srcset=\"http:\/\/elem-granvelle-besancon.ac-besancon.fr\/wp-content\/uploads\/sites\/15\/2020\/07\/balai.jpg 634w, http:\/\/elem-granvelle-besancon.ac-besancon.fr\/wp-content\/uploads\/sites\/15\/2020\/07\/balai-258x300.jpg 258w\" sizes=\"auto, (max-width: 400px) 100vw, 400px\" \/><\/p>\n<p style=\"text-align: center\">Corrections \u00e9preuve APER<\/p>\n<p style=\"text-align: center\"><a href=\"http:\/\/elem-granvelle-besancon.ac-besancon.fr\/wp-content\/uploads\/sites\/15\/2020\/07\/APER-corrections.pdf\">APER corrections<\/a><\/p>\n<p style=\"text-align: center\"><span style=\"color: #ff0000\">Histoire des arts<\/span><\/p>\n<p>Une nouvelle page de notre mus\u00e9e personnel&#8230; \u00a0\u00a0<a href=\"http:\/\/elem-granvelle-besancon.ac-besancon.fr\/wp-content\/uploads\/sites\/15\/2020\/07\/fiche-1-minute-au-mus\u00e9e-no7.pdf\">fiche 1 minute au mus\u00e9e no7<\/a><\/p>\n<p><img loading=\"lazy\" decoding=\"async\" class=\"aligncenter wp-image-10651\" src=\"http:\/\/elem-granvelle-besancon.ac-besancon.fr\/wp-content\/uploads\/sites\/15\/2020\/06\/cheval-blanc.jpg\" alt=\"\" width=\"300\" height=\"451\" srcset=\"http:\/\/elem-granvelle-besancon.ac-besancon.fr\/wp-content\/uploads\/sites\/15\/2020\/06\/cheval-blanc.jpg 519w, http:\/\/elem-granvelle-besancon.ac-besancon.fr\/wp-content\/uploads\/sites\/15\/2020\/06\/cheval-blanc-200x300.jpg 200w\" sizes=\"auto, (max-width: 300px) 100vw, 300px\" \/><\/p>\n<p style=\"text-align: center\"><a href=\"https:\/\/youtu.be\/qf98TCaSZ64\">Le cheval blanc<\/a><\/p>\n<p>Paul Gauguin&#8230; <a href=\"https:\/\/youtu.be\/JFprJRVPsCw\">C&#8217;est qui ?<\/a><\/p>\n<p style=\"text-align: center\"><span style=\"color: #ff0000\">G\u00e9ographie: carte de la Polyn\u00e9sie<\/span><\/p>\n<p><img loading=\"lazy\" decoding=\"async\" class=\"aligncenter size-full wp-image-10652\" src=\"http:\/\/elem-granvelle-besancon.ac-besancon.fr\/wp-content\/uploads\/sites\/15\/2020\/06\/polyn\u00e9sie.jpg\" alt=\"\" width=\"651\" height=\"367\" srcset=\"http:\/\/elem-granvelle-besancon.ac-besancon.fr\/wp-content\/uploads\/sites\/15\/2020\/06\/polyn\u00e9sie.jpg 651w, http:\/\/elem-granvelle-besancon.ac-besancon.fr\/wp-content\/uploads\/sites\/15\/2020\/06\/polyn\u00e9sie-300x169.jpg 300w, http:\/\/elem-granvelle-besancon.ac-besancon.fr\/wp-content\/uploads\/sites\/15\/2020\/06\/polyn\u00e9sie-500x282.jpg 500w\" sizes=\"auto, (max-width: 651px) 100vw, 651px\" \/><\/p>\n<p>Tu vois, il est \u00e9crit &#8220;French Polynesia&#8221;&#8230; <a href=\"https:\/\/youtu.be\/_DVj8ai3zGQ\">Pour voir un peu \u00e0 quoi \u00e7a ressemble<\/a><\/p>\n<p>&nbsp;<\/p>\n<p style=\"text-align: center\"><strong><span style=\"color: #ff0000\">Anglais<\/span><\/strong><\/p>\n<p><a href=\"http:\/\/elem-granvelle-besancon.ac-besancon.fr\/wp-content\/uploads\/sites\/15\/2020\/07\/ANG-Kevin-et-kate-13-the-christmas-present.pdf\">ANG Kevin et kate 13 the christmas present<\/a><\/p>\n<p><a href=\"http:\/\/elem-granvelle-besancon.ac-besancon.fr\/wp-content\/uploads\/sites\/15\/2020\/07\/ANG-cantine-et-tweet.pdf\">ANG cantine et tweet<\/a><\/p>\n<p style=\"text-align: center\"><strong><span style=\"color: #ff0000\">R\u00e9cr\u00e9ation 2<\/span><br \/>\n<\/strong><\/p>\n<p>Comme UTUBE, nous\u00a0 avons recours \u00e0 de la publicit\u00e9 &#8230;<\/p>\n<p><img loading=\"lazy\" decoding=\"async\" class=\"aligncenter wp-image-9618\" src=\"http:\/\/elem-granvelle-besancon.ac-besancon.fr\/wp-content\/uploads\/sites\/15\/2020\/06\/dentifrice.jpg\" alt=\"\" width=\"400\" height=\"393\" srcset=\"http:\/\/elem-granvelle-besancon.ac-besancon.fr\/wp-content\/uploads\/sites\/15\/2020\/06\/dentifrice.jpg 612w, http:\/\/elem-granvelle-besancon.ac-besancon.fr\/wp-content\/uploads\/sites\/15\/2020\/06\/dentifrice-300x295.jpg 300w, http:\/\/elem-granvelle-besancon.ac-besancon.fr\/wp-content\/uploads\/sites\/15\/2020\/06\/dentifrice-305x300.jpg 305w\" sizes=\"auto, (max-width: 400px) 100vw, 400px\" \/><\/p>\n<h4><strong>Viva clean<\/strong>, le seul dentifrice qui cherche entre les dents&#8230;<\/h4>\n<h4>Plus la peine de brosser !\u00a0\u00a0\u00a0\u00a0\u00a0\u00a0\u00a0 (pardon)<\/h4>\n<p>\u00e0 commander sur le coupon, dans le blog de l&#8217;\u00e9cole&#8230;<\/p>\n<p><img loading=\"lazy\" decoding=\"async\" class=\"aligncenter wp-image-10794 size-large\" src=\"http:\/\/elem-granvelle-besancon.ac-besancon.fr\/wp-content\/uploads\/sites\/15\/2020\/07\/1593532662668-1024x780.jpg\" alt=\"\" width=\"584\" height=\"445\" srcset=\"http:\/\/elem-granvelle-besancon.ac-besancon.fr\/wp-content\/uploads\/sites\/15\/2020\/07\/1593532662668-1024x780.jpg 1024w, http:\/\/elem-granvelle-besancon.ac-besancon.fr\/wp-content\/uploads\/sites\/15\/2020\/07\/1593532662668-300x229.jpg 300w, http:\/\/elem-granvelle-besancon.ac-besancon.fr\/wp-content\/uploads\/sites\/15\/2020\/07\/1593532662668-768x585.jpg 768w, http:\/\/elem-granvelle-besancon.ac-besancon.fr\/wp-content\/uploads\/sites\/15\/2020\/07\/1593532662668-394x300.jpg 394w, http:\/\/elem-granvelle-besancon.ac-besancon.fr\/wp-content\/uploads\/sites\/15\/2020\/07\/1593532662668.jpg 1122w\" sizes=\"auto, (max-width: 584px) 100vw, 584px\" \/><\/p>\n<p>Alors, tu as trouv\u00e9?<\/p>\n<p style=\"text-align: center\"><strong><span style=\"color: #ff0000\">Math\u00e9matiques : calculer une moyenne<\/span><\/strong><\/p>\n<p><span style=\"color: #ff0000\">Utilise une calculatrice..<\/span>.<\/p>\n<p><a href=\"http:\/\/elem-granvelle-besancon.ac-besancon.fr\/wp-content\/uploads\/sites\/15\/2020\/07\/calcul-moyenne-theo-01.pdf\">calcul moyenne theo 01<\/a><\/p>\n<p><a href=\"http:\/\/elem-granvelle-besancon.ac-besancon.fr\/wp-content\/uploads\/sites\/15\/2020\/07\/calcul-moyenne-exo-01.pdf\">calcul moyenne exo 01<\/a><\/p>\n<p><span style=\"color: #ff0000\">Aides:<\/span><\/p>\n<p><strong>Exercice 2 : <\/strong><\/p>\n<p>Pour le prix moyen des chaussures( r\u00e9sultat de la division), ce n&#8217;est pas la peine &#8220;d&#8217;aller &#8221; dans les centimes car c&#8217;est le prix moyen.<\/p>\n<p><strong>Exercice 4<\/strong><\/p>\n<p>Pour la division: le diviseur sera le nombre de personnes du club.<\/p>\n<p>Le nombre \u00e0 diviser ( dividende) est le nombre d&#8217;ann\u00e9es avec tout le monde&#8230; ( 2x 8) = 16 ann\u00e9es pour les 8 ans , ( 7 x 9) = 63 ann\u00e9es pour les 9 ans etc.<\/p>\n<p>Donc 16 + 63 + &#8230;<\/p>\n<p><a href=\"http:\/\/elem-granvelle-besancon.ac-besancon.fr\/wp-content\/uploads\/sites\/15\/2020\/07\/calcul-moyenne-exo-01-corrections.pdf\">calcul moyenne exo 01 corrections<\/a><\/p>\n<h1 style=\"text-align: center\"><span style=\"color: #ff0000\"><strong>Math\u00e9matiques\/ mesures : approche de la mesure des volumes<\/strong><\/span><\/h1>\n<p><img loading=\"lazy\" decoding=\"async\" class=\"aligncenter size-full wp-image-10721\" src=\"http:\/\/elem-granvelle-besancon.ac-besancon.fr\/wp-content\/uploads\/sites\/15\/2020\/07\/cubes.jpg\" alt=\"\" width=\"264\" height=\"270\" \/><\/p>\n<p style=\"text-align: center\"><strong>Compte les cubes qui ont \u00e9t\u00e9 utilis\u00e9s pour chaque construction de la fiche&#8230;<\/strong><\/p>\n<p style=\"text-align: center\"><strong>Notre exemple<\/strong><\/p>\n<p>Ici, c&#8217;est un exemple compliqu\u00e9 mais, cela donne:<\/p>\n<p><strong>Cube complet<\/strong> ( face avant X 5 ) donc \u00a0 5 x 5 x 5\u00a0\u00a0\u00a0 ou\u00a0 5 puissance 3 ( comme on avait appris en calcul mental)\u00a0\u00a0 donc 25 x 5 = 125<\/p>\n<p><strong>Les cubes qui manquent<\/strong> :\u00a0 1 + 3 + 6 + 10 = 20<\/p>\n<p>125 &#8211; 20 = 100\u00a0 Il y a 100 cubes&#8230;<\/p>\n<p>Sur la fiche, il y en a des plus faciles !<\/p>\n<p style=\"text-align: center\"><a href=\"http:\/\/elem-granvelle-besancon.ac-besancon.fr\/wp-content\/uploads\/sites\/15\/2020\/07\/MA-fiche-cubes-volumes.pdf\">MA fiche cubes volumes<\/a><\/p>\n<h3 style=\"text-align: center\">On a l&#8217;impression de retrouver des choses d\u00e9j\u00e0 vues&#8230;<\/h3>\n<p><img loading=\"lazy\" decoding=\"async\" class=\"aligncenter wp-image-10724\" src=\"http:\/\/elem-granvelle-besancon.ac-besancon.fr\/wp-content\/uploads\/sites\/15\/2020\/07\/cubes-3.jpg\" alt=\"\" width=\"400\" height=\"259\" srcset=\"http:\/\/elem-granvelle-besancon.ac-besancon.fr\/wp-content\/uploads\/sites\/15\/2020\/07\/cubes-3.jpg 652w, http:\/\/elem-granvelle-besancon.ac-besancon.fr\/wp-content\/uploads\/sites\/15\/2020\/07\/cubes-3-300x194.jpg 300w, http:\/\/elem-granvelle-besancon.ac-besancon.fr\/wp-content\/uploads\/sites\/15\/2020\/07\/cubes-3-464x300.jpg 464w\" sizes=\"auto, (max-width: 400px) 100vw, 400px\" \/><\/p>\n<p>Correction de la fiche :\u00a0<a href=\"http:\/\/elem-granvelle-besancon.ac-besancon.fr\/wp-content\/uploads\/sites\/15\/2020\/07\/MA-fiche-cubes-volumes-corrections.pdf\">MA fiche cubes volumes corrections<\/a><\/p>\n<p style=\"text-align: center\"><strong><span style=\"color: #ff0000\">R\u00e9cr\u00e9ation \/anglais<\/span> <\/strong><\/p>\n<p><img loading=\"lazy\" decoding=\"async\" class=\"aligncenter wp-image-10729\" src=\"http:\/\/elem-granvelle-besancon.ac-besancon.fr\/wp-content\/uploads\/sites\/15\/2020\/07\/bla-bla-3.jpg\" alt=\"\" width=\"400\" height=\"432\" srcset=\"http:\/\/elem-granvelle-besancon.ac-besancon.fr\/wp-content\/uploads\/sites\/15\/2020\/07\/bla-bla-3.jpg 583w, http:\/\/elem-granvelle-besancon.ac-besancon.fr\/wp-content\/uploads\/sites\/15\/2020\/07\/bla-bla-3-278x300.jpg 278w\" sizes=\"auto, (max-width: 400px) 100vw, 400px\" \/><\/p>\n<h3>Je suis grognon aujourd&#8217;hui \/ je pense que je vais aller au cin\u00e9ma \/ je sais exactement la place que je veux \/ on enl\u00e8ve\u00a0 son chapeau !<\/h3>\n<p>&nbsp;<\/p>\n<h1 style=\"text-align: center\"><span style=\"color: #ff0000\">Fran\u00e7ais : expression \u00e9crite sur un th\u00e8me d\u00e9j\u00e0 rencontr\u00e9&#8230;<\/span><\/h1>\n<p><img loading=\"lazy\" decoding=\"async\" class=\"aligncenter size-full wp-image-10792\" src=\"http:\/\/elem-granvelle-besancon.ac-besancon.fr\/wp-content\/uploads\/sites\/15\/2020\/07\/cirque-4.jpg\" alt=\"\" width=\"402\" height=\"495\" srcset=\"http:\/\/elem-granvelle-besancon.ac-besancon.fr\/wp-content\/uploads\/sites\/15\/2020\/07\/cirque-4.jpg 402w, http:\/\/elem-granvelle-besancon.ac-besancon.fr\/wp-content\/uploads\/sites\/15\/2020\/07\/cirque-4-244x300.jpg 244w\" sizes=\"auto, (max-width: 402px) 100vw, 402px\" \/><\/p>\n<p style=\"text-align: center\"><a href=\"http:\/\/elem-granvelle-besancon.ac-besancon.fr\/wp-content\/uploads\/sites\/15\/2020\/07\/theme-02.pdf\">theme 02<\/a><\/p>\n<p>&nbsp;<\/p>\n<p style=\"text-align: center\"><span style=\"color: #ff0000\">Shadoks<\/span>: nouvelle saison !\u00a0\u00a0\u00a0\u00a0\u00a0 <a href=\"https:\/\/youtu.be\/l3tYsdiFqNs\">\u00e9pisode 1<\/a><\/p>\n<p><img loading=\"lazy\" decoding=\"async\" class=\"aligncenter wp-image-10648\" src=\"http:\/\/elem-granvelle-besancon.ac-besancon.fr\/wp-content\/uploads\/sites\/15\/2020\/06\/danse-2-1.jpg\" alt=\"\" width=\"400\" height=\"374\" srcset=\"http:\/\/elem-granvelle-besancon.ac-besancon.fr\/wp-content\/uploads\/sites\/15\/2020\/06\/danse-2-1.jpg 620w, http:\/\/elem-granvelle-besancon.ac-besancon.fr\/wp-content\/uploads\/sites\/15\/2020\/06\/danse-2-1-300x281.jpg 300w, http:\/\/elem-granvelle-besancon.ac-besancon.fr\/wp-content\/uploads\/sites\/15\/2020\/06\/danse-2-1-321x300.jpg 321w\" sizes=\"auto, (max-width: 400px) 100vw, 400px\" \/><\/p>\n<p>M\u00eame pour ce feuilleton, il y avait des m\u00e9contents&#8230;<\/p>\n<p>Heureusement, les Shadoks promettent de s&#8217;am\u00e9liorer&#8230;<\/p>\n<p>&nbsp;<\/p>\n<p>&nbsp;<\/p>\n<p>&nbsp;<\/p>\n","protected":false},"excerpt":{"rendered":"<p>Phrase du jour N&#8217;oublie pas: &#8221; Pour chaque probl\u00e8me,\u00a0 il y a toujours une pompe et, si \u00e7a ne marche pas, c&#8217;est toujours mieux de pomper que de rester l\u00e0\u00a0 sans rien faire&#8221;. S\u00e9curit\u00e9 routi\u00e8re : attention aux jours de &hellip; <a href=\"http:\/\/elem-granvelle-besancon.ac-besancon.fr\/?p=10324\">Continuer la lecture <span class=\"meta-nav\">&rarr;<\/span><\/a><\/p>\n","protected":false},"author":16,"featured_media":0,"comment_status":"closed","ping_status":"open","sticky":false,"template":"","format":"standard","meta":{"footnotes":""},"categories":[1],"tags":[],"class_list":["post-10324","post","type-post","status-publish","format-standard","hentry","category-classe-cm2"],"_links":{"self":[{"href":"http:\/\/elem-granvelle-besancon.ac-besancon.fr\/index.php?rest_route=\/wp\/v2\/posts\/10324","targetHints":{"allow":["GET"]}}],"collection":[{"href":"http:\/\/elem-granvelle-besancon.ac-besancon.fr\/index.php?rest_route=\/wp\/v2\/posts"}],"about":[{"href":"http:\/\/elem-granvelle-besancon.ac-besancon.fr\/index.php?rest_route=\/wp\/v2\/types\/post"}],"author":[{"embeddable":true,"href":"http:\/\/elem-granvelle-besancon.ac-besancon.fr\/index.php?rest_route=\/wp\/v2\/users\/16"}],"replies":[{"embeddable":true,"href":"http:\/\/elem-granvelle-besancon.ac-besancon.fr\/index.php?rest_route=%2Fwp%2Fv2%2Fcomments&post=10324"}],"version-history":[{"count":20,"href":"http:\/\/elem-granvelle-besancon.ac-besancon.fr\/index.php?rest_route=\/wp\/v2\/posts\/10324\/revisions"}],"predecessor-version":[{"id":10796,"href":"http:\/\/elem-granvelle-besancon.ac-besancon.fr\/index.php?rest_route=\/wp\/v2\/posts\/10324\/revisions\/10796"}],"wp:attachment":[{"href":"http:\/\/elem-granvelle-besancon.ac-besancon.fr\/index.php?rest_route=%2Fwp%2Fv2%2Fmedia&parent=10324"}],"wp:term":[{"taxonomy":"category","embeddable":true,"href":"http:\/\/elem-granvelle-besancon.ac-besancon.fr\/index.php?rest_route=%2Fwp%2Fv2%2Fcategories&post=10324"},{"taxonomy":"post_tag","embeddable":true,"href":"http:\/\/elem-granvelle-besancon.ac-besancon.fr\/index.php?rest_route=%2Fwp%2Fv2%2Ftags&post=10324"}],"curies":[{"name":"wp","href":"https:\/\/api.w.org\/{rel}","templated":true}]}}