{"id":10518,"date":"2020-07-02T18:15:26","date_gmt":"2020-07-02T16:15:26","guid":{"rendered":"http:\/\/elem-granvelle-besancon.ac-besancon.fr\/?p=10518"},"modified":"2020-07-02T19:55:26","modified_gmt":"2020-07-02T17:55:26","slug":"vendredi-3-juillet-cm1-cm2","status":"publish","type":"post","link":"http:\/\/elem-granvelle-besancon.ac-besancon.fr\/?p=10518","title":{"rendered":"VENDREDI 3 JUILLET CM1 CM2"},"content":{"rendered":"<p><img loading=\"lazy\" decoding=\"async\" class=\"aligncenter wp-image-9620 size-full\" src=\"http:\/\/elem-granvelle-besancon.ac-besancon.fr\/wp-content\/uploads\/sites\/15\/2020\/06\/tovey-e1593417425840.jpg\" alt=\"\" width=\"1034\" height=\"179\" srcset=\"http:\/\/elem-granvelle-besancon.ac-besancon.fr\/wp-content\/uploads\/sites\/15\/2020\/06\/tovey-e1593417425840.jpg 1034w, http:\/\/elem-granvelle-besancon.ac-besancon.fr\/wp-content\/uploads\/sites\/15\/2020\/06\/tovey-e1593417425840-300x52.jpg 300w, http:\/\/elem-granvelle-besancon.ac-besancon.fr\/wp-content\/uploads\/sites\/15\/2020\/06\/tovey-e1593417425840-1024x177.jpg 1024w, http:\/\/elem-granvelle-besancon.ac-besancon.fr\/wp-content\/uploads\/sites\/15\/2020\/06\/tovey-e1593417425840-768x133.jpg 768w, http:\/\/elem-granvelle-besancon.ac-besancon.fr\/wp-content\/uploads\/sites\/15\/2020\/06\/tovey-e1593417425840-500x87.jpg 500w\" sizes=\"auto, (max-width: 1034px) 100vw, 1034px\" \/><\/p>\n<p style=\"text-align: center\"><strong><span style=\"color: #ff0000\">S\u00e9curit\u00e9 routi\u00e8re<\/span><\/strong><\/p>\n<p><img loading=\"lazy\" decoding=\"async\" class=\"wp-image-10739 aligncenter\" src=\"http:\/\/elem-granvelle-besancon.ac-besancon.fr\/wp-content\/uploads\/sites\/15\/2020\/07\/camion-pli\u00e9-scaled.jpg\" alt=\"\" width=\"400\" height=\"362\" srcset=\"http:\/\/elem-granvelle-besancon.ac-besancon.fr\/wp-content\/uploads\/sites\/15\/2020\/07\/camion-pli\u00e9-scaled.jpg 2560w, http:\/\/elem-granvelle-besancon.ac-besancon.fr\/wp-content\/uploads\/sites\/15\/2020\/07\/camion-pli\u00e9-300x271.jpg 300w, http:\/\/elem-granvelle-besancon.ac-besancon.fr\/wp-content\/uploads\/sites\/15\/2020\/07\/camion-pli\u00e9-1024x926.jpg 1024w, http:\/\/elem-granvelle-besancon.ac-besancon.fr\/wp-content\/uploads\/sites\/15\/2020\/07\/camion-pli\u00e9-768x695.jpg 768w, http:\/\/elem-granvelle-besancon.ac-besancon.fr\/wp-content\/uploads\/sites\/15\/2020\/07\/camion-pli\u00e9-1536x1389.jpg 1536w, http:\/\/elem-granvelle-besancon.ac-besancon.fr\/wp-content\/uploads\/sites\/15\/2020\/07\/camion-pli\u00e9-2048x1852.jpg 2048w, http:\/\/elem-granvelle-besancon.ac-besancon.fr\/wp-content\/uploads\/sites\/15\/2020\/07\/camion-pli\u00e9-332x300.jpg 332w\" sizes=\"auto, (max-width: 400px) 100vw, 400px\" \/><\/p>\n<p style=\"text-align: center\">Les v\u00e9hicules ne doivent pas stationner sur le trottoir.<\/p>\n<p>&nbsp;<\/p>\n<p style=\"text-align: center\"><strong><span style=\"color: #ff0000\">Histoire de l&#8217;art<\/span><\/strong><\/p>\n<p><img loading=\"lazy\" decoding=\"async\" class=\"aligncenter size-full wp-image-10656\" src=\"http:\/\/elem-granvelle-besancon.ac-besancon.fr\/wp-content\/uploads\/sites\/15\/2020\/06\/dier-2.jpg\" alt=\"\" width=\"573\" height=\"382\" srcset=\"http:\/\/elem-granvelle-besancon.ac-besancon.fr\/wp-content\/uploads\/sites\/15\/2020\/06\/dier-2.jpg 573w, http:\/\/elem-granvelle-besancon.ac-besancon.fr\/wp-content\/uploads\/sites\/15\/2020\/06\/dier-2-300x200.jpg 300w, http:\/\/elem-granvelle-besancon.ac-besancon.fr\/wp-content\/uploads\/sites\/15\/2020\/06\/dier-2-450x300.jpg 450w\" sizes=\"auto, (max-width: 573px) 100vw, 573px\" \/> <img loading=\"lazy\" decoding=\"async\" class=\"aligncenter size-full wp-image-10657\" src=\"http:\/\/elem-granvelle-besancon.ac-besancon.fr\/wp-content\/uploads\/sites\/15\/2020\/06\/d\u00eener.jpg\" alt=\"\" width=\"579\" height=\"346\" srcset=\"http:\/\/elem-granvelle-besancon.ac-besancon.fr\/wp-content\/uploads\/sites\/15\/2020\/06\/d\u00eener.jpg 579w, http:\/\/elem-granvelle-besancon.ac-besancon.fr\/wp-content\/uploads\/sites\/15\/2020\/06\/d\u00eener-300x179.jpg 300w, http:\/\/elem-granvelle-besancon.ac-besancon.fr\/wp-content\/uploads\/sites\/15\/2020\/06\/d\u00eener-500x300.jpg 500w\" sizes=\"auto, (max-width: 579px) 100vw, 579px\" \/><\/p>\n<p style=\"text-align: center\"><a href=\"https:\/\/youtu.be\/Czv-F1iFwZ0\">Le d\u00eener effet de lampe<\/a><\/p>\n<p><strong><span style=\"color: #ff0000\">Pour ceux qui veulent finir la fiche du mus\u00e9e personnel, voici les \u0153uvres qui restent sur la fiche 7.<\/span> <\/strong><\/p>\n<h3>Tape sur ton moteur de recherche &#8220;une minute au mus\u00e9e et &#8230; le nom de l\u2019\u0153uvre &#8220;&#8230; (pas aujourd&#8217;hui forc\u00e9ment, cela serait indigeste).<\/h3>\n<p><strong>\u00a052\u00a0 L&#8217;\u00e2ge m\u00fbr Camille Claudel \/\u00a0 53\u00a0 Rosiers sous les arbres Gustave Klimt \/ 54 La charmeuse de serpents Douanier Rousseau \/\u00a0 55\u00a0 H\u00e9racl\u00e8s\u00a0 tue les oiseaux du lac Stymphale ( histoire des 12 travaux d&#8217;Hercule) Antoine Bourdelle&#8230;<\/strong><\/p>\n<p style=\"text-align: center\"><span style=\"color: #ff0000\">Activit\u00e9s artistiques (suite)<\/span><\/p>\n<p><img loading=\"lazy\" decoding=\"async\" class=\"aligncenter wp-image-10825\" src=\"http:\/\/elem-granvelle-besancon.ac-besancon.fr\/wp-content\/uploads\/sites\/15\/2020\/07\/Au_Lit_Lou-1024x746.jpg\" alt=\"\" width=\"400\" height=\"292\" srcset=\"http:\/\/elem-granvelle-besancon.ac-besancon.fr\/wp-content\/uploads\/sites\/15\/2020\/07\/Au_Lit_Lou-1024x746.jpg 1024w, http:\/\/elem-granvelle-besancon.ac-besancon.fr\/wp-content\/uploads\/sites\/15\/2020\/07\/Au_Lit_Lou-300x219.jpg 300w, http:\/\/elem-granvelle-besancon.ac-besancon.fr\/wp-content\/uploads\/sites\/15\/2020\/07\/Au_Lit_Lou-768x560.jpg 768w, http:\/\/elem-granvelle-besancon.ac-besancon.fr\/wp-content\/uploads\/sites\/15\/2020\/07\/Au_Lit_Lou-1536x1119.jpg 1536w, http:\/\/elem-granvelle-besancon.ac-besancon.fr\/wp-content\/uploads\/sites\/15\/2020\/07\/Au_Lit_Lou-2048x1492.jpg 2048w, http:\/\/elem-granvelle-besancon.ac-besancon.fr\/wp-content\/uploads\/sites\/15\/2020\/07\/Au_Lit_Lou-412x300.jpg 412w\" sizes=\"auto, (max-width: 400px) 100vw, 400px\" \/><\/p>\n<p style=\"text-align: center\">La sieste<\/p>\n<p><img loading=\"lazy\" decoding=\"async\" class=\"wp-image-10826 aligncenter\" src=\"http:\/\/elem-granvelle-besancon.ac-besancon.fr\/wp-content\/uploads\/sites\/15\/2020\/07\/Matisse_By_Lou1-1024x889.jpg\" alt=\"\" width=\"400\" height=\"347\" srcset=\"http:\/\/elem-granvelle-besancon.ac-besancon.fr\/wp-content\/uploads\/sites\/15\/2020\/07\/Matisse_By_Lou1-1024x889.jpg 1024w, http:\/\/elem-granvelle-besancon.ac-besancon.fr\/wp-content\/uploads\/sites\/15\/2020\/07\/Matisse_By_Lou1-300x260.jpg 300w, http:\/\/elem-granvelle-besancon.ac-besancon.fr\/wp-content\/uploads\/sites\/15\/2020\/07\/Matisse_By_Lou1-768x667.jpg 768w, http:\/\/elem-granvelle-besancon.ac-besancon.fr\/wp-content\/uploads\/sites\/15\/2020\/07\/Matisse_By_Lou1-1536x1334.jpg 1536w, http:\/\/elem-granvelle-besancon.ac-besancon.fr\/wp-content\/uploads\/sites\/15\/2020\/07\/Matisse_By_Lou1-2048x1778.jpg 2048w, http:\/\/elem-granvelle-besancon.ac-besancon.fr\/wp-content\/uploads\/sites\/15\/2020\/07\/Matisse_By_Lou1-346x300.jpg 346w\" sizes=\"auto, (max-width: 400px) 100vw, 400px\" \/><\/p>\n<p style=\"text-align: center\">Collage fa\u00e7on Matisse<\/p>\n<p><img loading=\"lazy\" decoding=\"async\" class=\"wp-image-10827 aligncenter\" src=\"http:\/\/elem-granvelle-besancon.ac-besancon.fr\/wp-content\/uploads\/sites\/15\/2020\/07\/Matisse_By_Lou2-716x1024.jpg\" alt=\"\" width=\"400\" height=\"572\" srcset=\"http:\/\/elem-granvelle-besancon.ac-besancon.fr\/wp-content\/uploads\/sites\/15\/2020\/07\/Matisse_By_Lou2-716x1024.jpg 716w, http:\/\/elem-granvelle-besancon.ac-besancon.fr\/wp-content\/uploads\/sites\/15\/2020\/07\/Matisse_By_Lou2-210x300.jpg 210w, http:\/\/elem-granvelle-besancon.ac-besancon.fr\/wp-content\/uploads\/sites\/15\/2020\/07\/Matisse_By_Lou2-768x1098.jpg 768w, http:\/\/elem-granvelle-besancon.ac-besancon.fr\/wp-content\/uploads\/sites\/15\/2020\/07\/Matisse_By_Lou2-1074x1536.jpg 1074w, http:\/\/elem-granvelle-besancon.ac-besancon.fr\/wp-content\/uploads\/sites\/15\/2020\/07\/Matisse_By_Lou2-1433x2048.jpg 1433w, http:\/\/elem-granvelle-besancon.ac-besancon.fr\/wp-content\/uploads\/sites\/15\/2020\/07\/Matisse_By_Lou2-scaled.jpg 1791w\" sizes=\"auto, (max-width: 400px) 100vw, 400px\" \/><\/p>\n<p style=\"text-align: center\">Paysage de bord de mer<\/p>\n<h3 style=\"text-align: center\">Merci ch\u00e8re\u00a0 Lou pour ces belles productions !<\/h3>\n<p>&nbsp;<\/p>\n<p style=\"text-align: center\"><strong><span style=\"color: #ff0000\">R\u00e9cr\u00e9ation<\/span><\/strong><\/p>\n<p>Apr\u00e8s le merveilleux &#8221; <strong><span style=\"color: #ff0000\">O\u00f9 est Lucas* <\/span><\/strong>&#8220;, je me demande d&#8217;ailleurs encore comment Lucas a fait ce montage (encore bravo !) voici le &#8220;<span style=\"color: #ff0000\">O\u00f9 est le ma\u00eetre<\/span>&#8221; ?<\/p>\n<h3>* Lucas, on te souhaite ( ainsi qu&#8217;\u00e0 toute ta famille) plein de bonnes choses dans ta future nouvelle ville !<\/h3>\n<p><img loading=\"lazy\" decoding=\"async\" class=\"aligncenter wp-image-10818 size-large\" src=\"http:\/\/elem-granvelle-besancon.ac-besancon.fr\/wp-content\/uploads\/sites\/15\/2020\/07\/Classe-1972-L--1024x716.jpg\" alt=\"\" width=\"584\" height=\"408\" srcset=\"http:\/\/elem-granvelle-besancon.ac-besancon.fr\/wp-content\/uploads\/sites\/15\/2020\/07\/Classe-1972-L--1024x716.jpg 1024w, http:\/\/elem-granvelle-besancon.ac-besancon.fr\/wp-content\/uploads\/sites\/15\/2020\/07\/Classe-1972-L--300x210.jpg 300w, http:\/\/elem-granvelle-besancon.ac-besancon.fr\/wp-content\/uploads\/sites\/15\/2020\/07\/Classe-1972-L--768x537.jpg 768w, http:\/\/elem-granvelle-besancon.ac-besancon.fr\/wp-content\/uploads\/sites\/15\/2020\/07\/Classe-1972-L--1536x1074.jpg 1536w, http:\/\/elem-granvelle-besancon.ac-besancon.fr\/wp-content\/uploads\/sites\/15\/2020\/07\/Classe-1972-L--2048x1432.jpg 2048w, http:\/\/elem-granvelle-besancon.ac-besancon.fr\/wp-content\/uploads\/sites\/15\/2020\/07\/Classe-1972-L--429x300.jpg 429w\" sizes=\"auto, (max-width: 584px) 100vw, 584px\" \/><\/p>\n<p>On voit le stade de saut ( C\u00f4te Feuill\u00e9e) derri\u00e8re la ma\u00eetresse&#8230;On voit aussi\u00a0 que cette derni\u00e8re avait achet\u00e9 un lot de blouses de diff\u00e9rentes tailles&#8230; et oui, on mettait des blouses !<\/p>\n<h3>Indice: le teckel me regarde.<\/h3>\n<p>Un petit aper\u00e7u de l&#8217;ambiance des comp\u00e9titions dans ce <a href=\"https:\/\/youtu.be\/s-aZMF3c19g\">petit village du Haut Doubs.<\/a><\/p>\n<p>&nbsp;<\/p>\n<p style=\"text-align: center\"><span style=\"color: #ff0000\">Shadoks<\/span>:\u00a0<a href=\"https:\/\/youtu.be\/YSuXTrFoUN8\"> S2 ep2<\/a><\/p>\n<p><img loading=\"lazy\" decoding=\"async\" class=\"aligncenter wp-image-10661\" src=\"http:\/\/elem-granvelle-besancon.ac-besancon.fr\/wp-content\/uploads\/sites\/15\/2020\/07\/Shadoks-s2ep2.jpg\" alt=\"\" width=\"400\" height=\"370\" srcset=\"http:\/\/elem-granvelle-besancon.ac-besancon.fr\/wp-content\/uploads\/sites\/15\/2020\/07\/Shadoks-s2ep2.jpg 722w, http:\/\/elem-granvelle-besancon.ac-besancon.fr\/wp-content\/uploads\/sites\/15\/2020\/07\/Shadoks-s2ep2-300x278.jpg 300w, http:\/\/elem-granvelle-besancon.ac-besancon.fr\/wp-content\/uploads\/sites\/15\/2020\/07\/Shadoks-s2ep2-324x300.jpg 324w\" sizes=\"auto, (max-width: 400px) 100vw, 400px\" \/><\/p>\n<p>On apprend ce que fait G\u00e9g\u00eane pour apporter un peu de fantaisie (fantaisie qui a d&#8217;ailleurs beaucoup fait d\u00e9faut dans la saison 1 ! ).<\/p>\n<p>On comprend enfin mieux pourquoi il y a des oc\u00e9ans, des montagnes etc&#8230;sur notre terre.<\/p>\n<p style=\"text-align: center\"><span style=\"color: #ff0000\"><strong>R\u00e8glement \/Rappel<\/strong>:<\/span> <a href=\"https:\/\/youtu.be\/MVWrfHSYTHk\">chewing-gum<\/a> interdit \u00e0 l&#8217;\u00e9cole.<\/p>\n<h3>et Le\u00e7on de technologie sur l&#8217;invention de la montgolfi\u00e8re (ou ballon \u00e0 air chaud )<\/h3>\n<p><img loading=\"lazy\" decoding=\"async\" class=\"aligncenter wp-image-9631\" src=\"http:\/\/elem-granvelle-besancon.ac-besancon.fr\/wp-content\/uploads\/sites\/15\/2020\/06\/chewing.jpg\" alt=\"\" width=\"400\" height=\"337\" srcset=\"http:\/\/elem-granvelle-besancon.ac-besancon.fr\/wp-content\/uploads\/sites\/15\/2020\/06\/chewing.jpg 769w, http:\/\/elem-granvelle-besancon.ac-besancon.fr\/wp-content\/uploads\/sites\/15\/2020\/06\/chewing-300x252.jpg 300w, http:\/\/elem-granvelle-besancon.ac-besancon.fr\/wp-content\/uploads\/sites\/15\/2020\/06\/chewing-357x300.jpg 357w\" sizes=\"auto, (max-width: 400px) 100vw, 400px\" \/><\/p>\n<p>&nbsp;<\/p>\n<p style=\"text-align: center\"><span style=\"color: #ff0000\"><strong>Sport (suite)<br \/>\n<\/strong><\/span><\/p>\n<p>Bon, ce n&#8217;est parce que l&#8217;on porte un masque qu&#8217;il faut rester assis au fond de son canap\u00e9&#8230;<\/p>\n<p style=\"text-align: center\"><img loading=\"lazy\" decoding=\"async\" class=\"aligncenter wp-image-10663\" src=\"http:\/\/elem-granvelle-besancon.ac-besancon.fr\/wp-content\/uploads\/sites\/15\/2020\/07\/samourai-2.jpg\" alt=\"\" width=\"400\" height=\"507\" srcset=\"http:\/\/elem-granvelle-besancon.ac-besancon.fr\/wp-content\/uploads\/sites\/15\/2020\/07\/samourai-2.jpg 495w, http:\/\/elem-granvelle-besancon.ac-besancon.fr\/wp-content\/uploads\/sites\/15\/2020\/07\/samourai-2-237x300.jpg 237w\" sizes=\"auto, (max-width: 400px) 100vw, 400px\" \/><a href=\"https:\/\/youtu.be\/p2e2trXGuvQ?list=PL8dq70Fc7MDzxSeLiVbESqI9ulN_1uJmD\">Exemples d&#8217;activit\u00e9s \u00e0 r\u00e9aliser&#8230;<\/a><\/p>\n<p style=\"text-align: center\"><strong><span style=\"color: #ff0000\">R\u00e9cr\u00e9ation 2<br \/>\n<\/span><\/strong><\/p>\n<p><img loading=\"lazy\" decoding=\"async\" class=\"aligncenter wp-image-10731\" src=\"http:\/\/elem-granvelle-besancon.ac-besancon.fr\/wp-content\/uploads\/sites\/15\/2020\/07\/blabla-2.jpg\" alt=\"\" width=\"400\" height=\"397\" srcset=\"http:\/\/elem-granvelle-besancon.ac-besancon.fr\/wp-content\/uploads\/sites\/15\/2020\/07\/blabla-2.jpg 631w, http:\/\/elem-granvelle-besancon.ac-besancon.fr\/wp-content\/uploads\/sites\/15\/2020\/07\/blabla-2-300x298.jpg 300w, http:\/\/elem-granvelle-besancon.ac-besancon.fr\/wp-content\/uploads\/sites\/15\/2020\/07\/blabla-2-150x150.jpg 150w, http:\/\/elem-granvelle-besancon.ac-besancon.fr\/wp-content\/uploads\/sites\/15\/2020\/07\/blabla-2-302x300.jpg 302w\" sizes=\"auto, (max-width: 400px) 100vw, 400px\" \/><\/p>\n<h3 style=\"text-align: center\">Toute une histoire et, pas un seul mot&#8230; quel talent !<\/h3>\n<p style=\"text-align: center\"><span style=\"color: #ff0000\">Bonnes vacances \u00e0 tous.<\/span><\/p>\n<h3>Merci aux \u00e9l\u00e8ves, aux parents, aux coll\u00e8gues<\/h3>\n<h3>Merci \u00e0 toutes les personnes bienveillantes et constructives.<\/h3>\n<h3>Merci aux Shadoks , \u00e0\u00a0 Ernie and Bart , \u00e0 Elmo, \u00e0 Nancy,\u00a0 qui nous ont bien aid\u00e9s !<\/h3>\n<p>Bonne continuation au coll\u00e8ge pour les Cm2 et, \u00e0 bient\u00f4t pour une nouvelle ann\u00e9e aux futurs Cm2 !<\/p>\n<p><img loading=\"lazy\" decoding=\"async\" class=\"aligncenter size-full wp-image-10665\" src=\"http:\/\/elem-granvelle-besancon.ac-besancon.fr\/wp-content\/uploads\/sites\/15\/2020\/07\/arbesco-2-e1593420795746.png\" alt=\"\" width=\"512\" height=\"107\" srcset=\"http:\/\/elem-granvelle-besancon.ac-besancon.fr\/wp-content\/uploads\/sites\/15\/2020\/07\/arbesco-2-e1593420795746.png 512w, http:\/\/elem-granvelle-besancon.ac-besancon.fr\/wp-content\/uploads\/sites\/15\/2020\/07\/arbesco-2-e1593420795746-300x63.png 300w, http:\/\/elem-granvelle-besancon.ac-besancon.fr\/wp-content\/uploads\/sites\/15\/2020\/07\/arbesco-2-e1593420795746-500x104.png 500w\" sizes=\"auto, (max-width: 512px) 100vw, 512px\" \/><\/p>\n<p style=\"text-align: center\">Pour finir, une pens\u00e9e pour notre f\u00eate de la musique de l&#8217;ann\u00e9e derni\u00e8re.. notre tube : <a href=\"https:\/\/youtu.be\/i6BKhvhSehc\">Ob la di<\/a><\/p>\n<p><img loading=\"lazy\" decoding=\"async\" class=\"aligncenter wp-image-10664\" src=\"http:\/\/elem-granvelle-besancon.ac-besancon.fr\/wp-content\/uploads\/sites\/15\/2020\/07\/drive.jpg\" alt=\"\" width=\"400\" height=\"228\" srcset=\"http:\/\/elem-granvelle-besancon.ac-besancon.fr\/wp-content\/uploads\/sites\/15\/2020\/07\/drive.jpg 949w, http:\/\/elem-granvelle-besancon.ac-besancon.fr\/wp-content\/uploads\/sites\/15\/2020\/07\/drive-300x171.jpg 300w, http:\/\/elem-granvelle-besancon.ac-besancon.fr\/wp-content\/uploads\/sites\/15\/2020\/07\/drive-768x438.jpg 768w, http:\/\/elem-granvelle-besancon.ac-besancon.fr\/wp-content\/uploads\/sites\/15\/2020\/07\/drive-500x285.jpg 500w\" sizes=\"auto, (max-width: 400px) 100vw, 400px\" \/><\/p>\n<p>&nbsp;<\/p>\n","protected":false},"excerpt":{"rendered":"<p>S\u00e9curit\u00e9 routi\u00e8re Les v\u00e9hicules ne doivent pas stationner sur le trottoir. &nbsp; Histoire de l&#8217;art Le d\u00eener effet de lampe Pour ceux qui veulent finir la fiche du mus\u00e9e personnel, voici les \u0153uvres qui restent sur la fiche 7. Tape &hellip; <a href=\"http:\/\/elem-granvelle-besancon.ac-besancon.fr\/?p=10518\">Continuer la lecture <span class=\"meta-nav\">&rarr;<\/span><\/a><\/p>\n","protected":false},"author":16,"featured_media":0,"comment_status":"closed","ping_status":"open","sticky":false,"template":"","format":"standard","meta":{"footnotes":""},"categories":[1],"tags":[],"class_list":["post-10518","post","type-post","status-publish","format-standard","hentry","category-classe-cm2"],"_links":{"self":[{"href":"http:\/\/elem-granvelle-besancon.ac-besancon.fr\/index.php?rest_route=\/wp\/v2\/posts\/10518","targetHints":{"allow":["GET"]}}],"collection":[{"href":"http:\/\/elem-granvelle-besancon.ac-besancon.fr\/index.php?rest_route=\/wp\/v2\/posts"}],"about":[{"href":"http:\/\/elem-granvelle-besancon.ac-besancon.fr\/index.php?rest_route=\/wp\/v2\/types\/post"}],"author":[{"embeddable":true,"href":"http:\/\/elem-granvelle-besancon.ac-besancon.fr\/index.php?rest_route=\/wp\/v2\/users\/16"}],"replies":[{"embeddable":true,"href":"http:\/\/elem-granvelle-besancon.ac-besancon.fr\/index.php?rest_route=%2Fwp%2Fv2%2Fcomments&post=10518"}],"version-history":[{"count":23,"href":"http:\/\/elem-granvelle-besancon.ac-besancon.fr\/index.php?rest_route=\/wp\/v2\/posts\/10518\/revisions"}],"predecessor-version":[{"id":10829,"href":"http:\/\/elem-granvelle-besancon.ac-besancon.fr\/index.php?rest_route=\/wp\/v2\/posts\/10518\/revisions\/10829"}],"wp:attachment":[{"href":"http:\/\/elem-granvelle-besancon.ac-besancon.fr\/index.php?rest_route=%2Fwp%2Fv2%2Fmedia&parent=10518"}],"wp:term":[{"taxonomy":"category","embeddable":true,"href":"http:\/\/elem-granvelle-besancon.ac-besancon.fr\/index.php?rest_route=%2Fwp%2Fv2%2Fcategories&post=10518"},{"taxonomy":"post_tag","embeddable":true,"href":"http:\/\/elem-granvelle-besancon.ac-besancon.fr\/index.php?rest_route=%2Fwp%2Fv2%2Ftags&post=10518"}],"curies":[{"name":"wp","href":"https:\/\/api.w.org\/{rel}","templated":true}]}}