{"id":10639,"date":"2020-07-01T20:00:11","date_gmt":"2020-07-01T18:00:11","guid":{"rendered":"http:\/\/elem-granvelle-besancon.ac-besancon.fr\/?p=10639"},"modified":"2020-06-30T13:55:27","modified_gmt":"2020-06-30T11:55:27","slug":"jeudi-2-juillet-activites-ce2-cm1","status":"publish","type":"post","link":"http:\/\/elem-granvelle-besancon.ac-besancon.fr\/?p=10639","title":{"rendered":"JEUDI 2 JUILLET ACTIVIT\u00c9S CE2 CM1"},"content":{"rendered":"<div style=\"width: 584px;\" class=\"wp-video\"><video class=\"wp-video-shortcode\" id=\"video-10639-1\" width=\"584\" height=\"329\" preload=\"metadata\" controls=\"controls\"><source type=\"video\/mp4\" src=\"http:\/\/elem-granvelle-besancon.ac-besancon.fr\/wp-content\/uploads\/sites\/15\/2020\/07\/JEUDI-2-JUILLET.mp4?_=1\" \/><a href=\"http:\/\/elem-granvelle-besancon.ac-besancon.fr\/wp-content\/uploads\/sites\/15\/2020\/07\/JEUDI-2-JUILLET.mp4\">http:\/\/elem-granvelle-besancon.ac-besancon.fr\/wp-content\/uploads\/sites\/15\/2020\/07\/JEUDI-2-JUILLET.mp4<\/a><\/video><\/div>\n<hr \/>\n<p><span style=\"color: #003300\"><strong>Bonjour ! J&#8217;esp\u00e8re que vous allez passer un moment agr\u00e9able avec Jos\u00e9.<\/strong><\/span><\/p>\n<p><span style=\"color: #003300\"><strong>Pour ce jeudi 2 juillet (dernier jeudi), il n&#8217;y a plus de r\u00e9visions. Je vous propose quelques activit\u00e9s que vous pourrez faire avec la ma\u00eetresse.<\/strong><\/span><\/p>\n<hr \/>\n<p><img loading=\"lazy\" decoding=\"async\" class=\"alignnone size-full wp-image-8021\" src=\"http:\/\/elem-granvelle-besancon.ac-besancon.fr\/wp-content\/uploads\/sites\/15\/2020\/05\/MENU-DU-JOUR.jpg\" alt=\"\" width=\"260\" height=\"194\" \/>\u00a0 \u00a0 \u00a0 \u00a0 <img loading=\"lazy\" decoding=\"async\" class=\"alignright wp-image-10775\" src=\"http:\/\/elem-granvelle-besancon.ac-besancon.fr\/wp-content\/uploads\/sites\/15\/2020\/07\/AUGUSTE-ESCOFFIER-150x150.jpg\" alt=\"\" width=\"181\" height=\"182\" \/><\/p>\n<p><span style=\"color: #ff6600\"><strong>Aujourd&#8217;hui nous avons avec cette superbe p\u00eache Melba (cr\u00e9\u00e9e par l&#8217;illustre Auguste Escoffier):<\/strong><\/span><\/p>\n<p><img loading=\"lazy\" decoding=\"async\" class=\"alignright wp-image-10776 size-medium\" src=\"http:\/\/elem-granvelle-besancon.ac-besancon.fr\/wp-content\/uploads\/sites\/15\/2020\/07\/P\u00eache-Melba-Anne-Sall\u00e9-Mikuy-300x209.jpg\" alt=\"\" width=\"300\" height=\"209\" srcset=\"http:\/\/elem-granvelle-besancon.ac-besancon.fr\/wp-content\/uploads\/sites\/15\/2020\/07\/P\u00eache-Melba-Anne-Sall\u00e9-Mikuy-300x209.jpg 300w, http:\/\/elem-granvelle-besancon.ac-besancon.fr\/wp-content\/uploads\/sites\/15\/2020\/07\/P\u00eache-Melba-Anne-Sall\u00e9-Mikuy-430x300.jpg 430w, http:\/\/elem-granvelle-besancon.ac-besancon.fr\/wp-content\/uploads\/sites\/15\/2020\/07\/P\u00eache-Melba-Anne-Sall\u00e9-Mikuy.jpg 700w\" sizes=\"auto, (max-width: 300px) 100vw, 300px\" \/><\/p>\n<ul>\n<li><span style=\"color: #800000\"><em><strong>Les corrections du mardi 30 juin. Les<\/strong> <\/em><em><strong>derni\u00e8res corrections!<\/strong><\/em><\/span><\/li>\n<li><span style=\"color: #800000\"><em><strong>Tour de France: Escale dans la r\u00e9gion Grand Est.<\/strong><\/em><\/span><\/li>\n<li><span style=\"color: #800000\"><em><strong>Activit\u00e9s r\u00e9cr\u00e9atives:<\/strong><\/em><\/span><\/li>\n<li><span style=\"color: #800000\"><em><strong>1 minute au Mus\u00e9e; &#8220;La plan\u00e8te Mercure&#8221;<\/strong><\/em><\/span><\/li>\n<li><span style=\"color: #800000\"><em><strong>1 jour 1 question: Pourquoi \u00e9coute-t-on &#8230;&#8230;&#8230;&#8230;&#8230;&#8230;&#8230;&#8230;.?<\/strong><\/em><\/span><\/li>\n<\/ul>\n<p>&nbsp;<\/p>\n<hr \/>\n<p><img loading=\"lazy\" decoding=\"async\" class=\"alignnone size-full wp-image-10533\" src=\"http:\/\/elem-granvelle-besancon.ac-besancon.fr\/wp-content\/uploads\/sites\/15\/2020\/06\/ETIQUETTE-CORRECTIONS-1.jpg\" alt=\"\" width=\"889\" height=\"168\" srcset=\"http:\/\/elem-granvelle-besancon.ac-besancon.fr\/wp-content\/uploads\/sites\/15\/2020\/06\/ETIQUETTE-CORRECTIONS-1.jpg 889w, http:\/\/elem-granvelle-besancon.ac-besancon.fr\/wp-content\/uploads\/sites\/15\/2020\/06\/ETIQUETTE-CORRECTIONS-1-300x57.jpg 300w, http:\/\/elem-granvelle-besancon.ac-besancon.fr\/wp-content\/uploads\/sites\/15\/2020\/06\/ETIQUETTE-CORRECTIONS-1-768x145.jpg 768w, http:\/\/elem-granvelle-besancon.ac-besancon.fr\/wp-content\/uploads\/sites\/15\/2020\/06\/ETIQUETTE-CORRECTIONS-1-500x94.jpg 500w\" sizes=\"auto, (max-width: 889px) 100vw, 889px\" \/><\/p>\n<p><img loading=\"lazy\" decoding=\"async\" class=\"alignright wp-image-10763\" src=\"http:\/\/elem-granvelle-besancon.ac-besancon.fr\/wp-content\/uploads\/sites\/15\/2020\/07\/mafalda-4-254x300.jpg\" alt=\"\" width=\"174\" height=\"206\" srcset=\"http:\/\/elem-granvelle-besancon.ac-besancon.fr\/wp-content\/uploads\/sites\/15\/2020\/07\/mafalda-4-254x300.jpg 254w, http:\/\/elem-granvelle-besancon.ac-besancon.fr\/wp-content\/uploads\/sites\/15\/2020\/07\/mafalda-4.jpg 728w\" sizes=\"auto, (max-width: 174px) 100vw, 174px\" \/><\/p>\n<p><span style=\"color: #ff0000\"><em><strong><a style=\"color: #ff0000\" href=\"http:\/\/elem-granvelle-besancon.ac-besancon.fr\/wp-content\/uploads\/sites\/15\/2020\/07\/JE-REVISE-CE2-S3-R1-ET-R2-CORRECTIONS.pdf\">JE REVISE CE2 S3 R1 ET R2 CORRECTIONS<\/a><\/strong><\/em><\/span><\/p>\n<p>&nbsp;<\/p>\n<p><span style=\"color: #ff0000\"><em><strong><a style=\"color: #ff0000\" href=\"http:\/\/elem-granvelle-besancon.ac-besancon.fr\/wp-content\/uploads\/sites\/15\/2020\/07\/JE-REVISE-CM1-S3-R1-ET-R2-CORRECTIONS.pdf\">JE REVISE CM1 S3 R1 ET R2 CORRECTIONS<\/a><\/strong><\/em><\/span><\/p>\n<p>&nbsp;<\/p>\n<p><span style=\"color: #ff0000\"><em><strong><a style=\"color: #ff0000\" href=\"http:\/\/elem-granvelle-besancon.ac-besancon.fr\/wp-content\/uploads\/sites\/15\/2020\/07\/Surr\u00e9alisme-\u2013-Arts-du-visuel-CORRECTION.pdf\">Surr\u00e9alisme-\u2013-Arts-du-visuel- CORRECTION<\/a><\/strong><\/em><\/span><\/p>\n<p>&nbsp;<\/p>\n<p>&nbsp;<\/p>\n<hr \/>\n<p><img loading=\"lazy\" decoding=\"async\" class=\"alignnone size-full wp-image-10742\" src=\"http:\/\/elem-granvelle-besancon.ac-besancon.fr\/wp-content\/uploads\/sites\/15\/2020\/07\/ESCALE-TOUR-DE-FRANCE.jpg\" alt=\"\" width=\"1278\" height=\"270\" srcset=\"http:\/\/elem-granvelle-besancon.ac-besancon.fr\/wp-content\/uploads\/sites\/15\/2020\/07\/ESCALE-TOUR-DE-FRANCE.jpg 1278w, http:\/\/elem-granvelle-besancon.ac-besancon.fr\/wp-content\/uploads\/sites\/15\/2020\/07\/ESCALE-TOUR-DE-FRANCE-300x63.jpg 300w, http:\/\/elem-granvelle-besancon.ac-besancon.fr\/wp-content\/uploads\/sites\/15\/2020\/07\/ESCALE-TOUR-DE-FRANCE-1024x216.jpg 1024w, http:\/\/elem-granvelle-besancon.ac-besancon.fr\/wp-content\/uploads\/sites\/15\/2020\/07\/ESCALE-TOUR-DE-FRANCE-768x162.jpg 768w, http:\/\/elem-granvelle-besancon.ac-besancon.fr\/wp-content\/uploads\/sites\/15\/2020\/07\/ESCALE-TOUR-DE-FRANCE-500x106.jpg 500w\" sizes=\"auto, (max-width: 1278px) 100vw, 1278px\" \/><\/p>\n<p><span style=\"color: #ff6600\"><strong>La r\u00e9gion Grand Est:<\/strong><\/span><\/p>\n<p><span style=\"color: #ff6600\">De Strasbourg \u00e0 l&#8217;<b>Est<\/b>\u00a0\u00e0 Nogent-sur-Seine \u00e0 l&#8217;Ouest, la\u00a0<b>R\u00e9gion Grand Est<\/b> s&#8217;\u00e9tend sur 57 441 km\u00b2. Elle compte 10 d\u00e9partements : Ardennes, Aube, Bas-Rhin, Haute-Marne, Haut-Rhin, Marne, Meurthe-et-Moselle, Meuse, Moselle, Vosges.\u00a0<\/span><\/p>\n<p><img loading=\"lazy\" decoding=\"async\" class=\"alignright wp-image-10766\" src=\"http:\/\/elem-granvelle-besancon.ac-besancon.fr\/wp-content\/uploads\/sites\/15\/2020\/07\/alsace-symboles-300x300.jpg\" alt=\"\" width=\"148\" height=\"148\" srcset=\"http:\/\/elem-granvelle-besancon.ac-besancon.fr\/wp-content\/uploads\/sites\/15\/2020\/07\/alsace-symboles-300x300.jpg 300w, http:\/\/elem-granvelle-besancon.ac-besancon.fr\/wp-content\/uploads\/sites\/15\/2020\/07\/alsace-symboles-1024x1019.jpg 1024w, http:\/\/elem-granvelle-besancon.ac-besancon.fr\/wp-content\/uploads\/sites\/15\/2020\/07\/alsace-symboles-150x150.jpg 150w, http:\/\/elem-granvelle-besancon.ac-besancon.fr\/wp-content\/uploads\/sites\/15\/2020\/07\/alsace-symboles-768x764.jpg 768w, http:\/\/elem-granvelle-besancon.ac-besancon.fr\/wp-content\/uploads\/sites\/15\/2020\/07\/alsace-symboles-1536x1528.jpg 1536w, http:\/\/elem-granvelle-besancon.ac-besancon.fr\/wp-content\/uploads\/sites\/15\/2020\/07\/alsace-symboles-301x300.jpg 301w, http:\/\/elem-granvelle-besancon.ac-besancon.fr\/wp-content\/uploads\/sites\/15\/2020\/07\/alsace-symboles.jpg 1613w\" sizes=\"auto, (max-width: 148px) 100vw, 148px\" \/><\/p>\n<p><span style=\"color: #800080\"><strong>Petite escale dans la r\u00e9gion Grand Est, et plus particuli\u00e8rement en Alsace, tout \u00e0 c\u00f4t\u00e9 de chez nous:<\/strong><\/span><\/p>\n<p><img loading=\"lazy\" decoding=\"async\" class=\"size-thumbnail wp-image-10768 aligncenter\" src=\"http:\/\/elem-granvelle-besancon.ac-besancon.fr\/wp-content\/uploads\/sites\/15\/2020\/07\/Carte_Alsace_2018-150x150.jpg\" alt=\"\" width=\"150\" height=\"150\" \/><\/p>\n<p><span style=\"color: #333300\"><strong><img loading=\"lazy\" decoding=\"async\" class=\"alignnone wp-image-10764\" src=\"http:\/\/elem-granvelle-besancon.ac-besancon.fr\/wp-content\/uploads\/sites\/15\/2020\/07\/mini_alsace-Simon-Dannhauer-300x169.jpg\" alt=\"\" width=\"253\" height=\"147\" \/><\/strong><\/span><\/p>\n<p><span style=\"color: #003366\"><strong>CE2:<\/strong><\/span><\/p>\n<p><span style=\"color: #ff0000\"><strong><a style=\"color: #ff0000\" href=\"http:\/\/elem-granvelle-besancon.ac-besancon.fr\/wp-content\/uploads\/sites\/15\/2020\/07\/ESCALE-TOUR-DE-FRANCE-REGION-GRAND-EST-CE2.docx\">ESCALE TOUR DE FRANCE REGION GRAND EST CE2<\/a><\/strong><\/span><\/p>\n<p><span style=\"color: #000080\"><strong><a style=\"color: #000080\" href=\"http:\/\/elem-granvelle-besancon.ac-besancon.fr\/wp-content\/uploads\/sites\/15\/2020\/07\/ESCALE-TOUR-DE-FRANCE-REGION-GRAND-EST-CE2.pdf\">ESCALE TOUR DE FRANCE REGION GRAND EST CE2<\/a><\/strong><\/span><\/p>\n<p><span style=\"color: #333300\"><strong>CM1:<img loading=\"lazy\" decoding=\"async\" class=\"alignright wp-image-10765\" src=\"http:\/\/elem-granvelle-besancon.ac-besancon.fr\/wp-content\/uploads\/sites\/15\/2020\/07\/1-choucroute-a-l-alsacienne-1-150x150.jpg\" alt=\"\" width=\"195\" height=\"196\" \/><\/strong><\/span><\/p>\n<p><span style=\"color: #ff0000\"><strong><a style=\"color: #ff0000\" href=\"http:\/\/elem-granvelle-besancon.ac-besancon.fr\/wp-content\/uploads\/sites\/15\/2020\/07\/ESCALE-TOUR-DE-FRANCE-REGION-GRAND-EST-CM1.docx\">ESCALE TOUR DE FRANCE REGION GRAND EST CM1<\/a><\/strong><\/span><\/p>\n<p><span style=\"color: #000080\"><strong><a style=\"color: #000080\" href=\"http:\/\/elem-granvelle-besancon.ac-besancon.fr\/wp-content\/uploads\/sites\/15\/2020\/07\/ESCALE-TOUR-DE-FRANCE-REGION-GRAND-EST-CM1.pdf\">ESCALE TOUR DE FRANCE REGION GRAND EST CM1<\/a><\/strong><\/span><\/p>\n<p>&nbsp;<\/p>\n<p><span style=\"color: #339966\"><strong><a style=\"color: #339966\" href=\"http:\/\/elem-granvelle-besancon.ac-besancon.fr\/wp-content\/uploads\/sites\/15\/2020\/07\/CARTE-DE-FRANCE-CE2-CM1.pdf\">CARTE DE FRANCE CE2 CM1<\/a><\/strong><\/span><\/p>\n<p><img loading=\"lazy\" decoding=\"async\" class=\"alignnone size-full wp-image-10767\" src=\"http:\/\/elem-granvelle-besancon.ac-besancon.fr\/wp-content\/uploads\/sites\/15\/2020\/07\/image-France-Alsace.jpg\" alt=\"\" width=\"825\" height=\"550\" srcset=\"http:\/\/elem-granvelle-besancon.ac-besancon.fr\/wp-content\/uploads\/sites\/15\/2020\/07\/image-France-Alsace.jpg 825w, http:\/\/elem-granvelle-besancon.ac-besancon.fr\/wp-content\/uploads\/sites\/15\/2020\/07\/image-France-Alsace-300x200.jpg 300w, http:\/\/elem-granvelle-besancon.ac-besancon.fr\/wp-content\/uploads\/sites\/15\/2020\/07\/image-France-Alsace-768x512.jpg 768w, http:\/\/elem-granvelle-besancon.ac-besancon.fr\/wp-content\/uploads\/sites\/15\/2020\/07\/image-France-Alsace-450x300.jpg 450w\" sizes=\"auto, (max-width: 825px) 100vw, 825px\" \/><\/p>\n<hr \/>\n<p><img loading=\"lazy\" decoding=\"async\" class=\"alignnone size-full wp-image-10750\" src=\"http:\/\/elem-granvelle-besancon.ac-besancon.fr\/wp-content\/uploads\/sites\/15\/2020\/07\/ACTIVITES-RECREATIVES.jpg\" alt=\"\" width=\"1276\" height=\"143\" srcset=\"http:\/\/elem-granvelle-besancon.ac-besancon.fr\/wp-content\/uploads\/sites\/15\/2020\/07\/ACTIVITES-RECREATIVES.jpg 1276w, http:\/\/elem-granvelle-besancon.ac-besancon.fr\/wp-content\/uploads\/sites\/15\/2020\/07\/ACTIVITES-RECREATIVES-300x34.jpg 300w, http:\/\/elem-granvelle-besancon.ac-besancon.fr\/wp-content\/uploads\/sites\/15\/2020\/07\/ACTIVITES-RECREATIVES-1024x115.jpg 1024w, http:\/\/elem-granvelle-besancon.ac-besancon.fr\/wp-content\/uploads\/sites\/15\/2020\/07\/ACTIVITES-RECREATIVES-768x86.jpg 768w, http:\/\/elem-granvelle-besancon.ac-besancon.fr\/wp-content\/uploads\/sites\/15\/2020\/07\/ACTIVITES-RECREATIVES-500x56.jpg 500w\" sizes=\"auto, (max-width: 1276px) 100vw, 1276px\" \/><\/p>\n<p><span style=\"color: #99cc00\"><strong>Vous avez des coloriages magiques, des mandalas, des mots-m\u00eal\u00e9s et des sudoku:<img loading=\"lazy\" decoding=\"async\" class=\"size-full wp-image-10773 alignright\" src=\"http:\/\/elem-granvelle-besancon.ac-besancon.fr\/wp-content\/uploads\/sites\/15\/2020\/07\/images-1.jpg\" alt=\"\" width=\"300\" height=\"168\" \/><\/strong><\/span><\/p>\n<p><span style=\"color: #00ff00\"><em><strong><a style=\"color: #00ff00\" href=\"http:\/\/elem-granvelle-besancon.ac-besancon.fr\/wp-content\/uploads\/sites\/15\/2020\/07\/COLORIAGE-MAGIQUE-1CE2-CM1.pdf\">COLORIAGE MAGIQUE 1CE2 CM1<\/a><\/strong><\/em><\/span><\/p>\n<p><span style=\"color: #00ff00\"><em><strong><a style=\"color: #00ff00\" href=\"http:\/\/elem-granvelle-besancon.ac-besancon.fr\/wp-content\/uploads\/sites\/15\/2020\/07\/MANDALAS-1CE2-CM1.pdf\">MANDALAS 1CE2 CM1<\/a><\/strong><\/em><\/span><\/p>\n<p><span style=\"color: #00ff00\"><em><strong><a style=\"color: #00ff00\" href=\"http:\/\/elem-granvelle-besancon.ac-besancon.fr\/wp-content\/uploads\/sites\/15\/2020\/07\/MOTS-MELES-1-CE2-CM1.pdf\">MOTS MELES 1 CE2 CM1<\/a><\/strong><\/em><\/span><\/p>\n<p><span style=\"color: #00ff00\"><em><strong><a style=\"color: #00ff00\" href=\"http:\/\/elem-granvelle-besancon.ac-besancon.fr\/wp-content\/uploads\/sites\/15\/2020\/07\/SUDOKU-1-CE2-CM1.pdf\">SUDOKU 1 CE2 CM1<\/a><\/strong><\/em><\/span><\/p>\n<p><img loading=\"lazy\" decoding=\"async\" class=\"alignnone size-full wp-image-10772\" src=\"http:\/\/elem-granvelle-besancon.ac-besancon.fr\/wp-content\/uploads\/sites\/15\/2020\/07\/idees-marketing.jpg\" alt=\"\" width=\"834\" height=\"455\" srcset=\"http:\/\/elem-granvelle-besancon.ac-besancon.fr\/wp-content\/uploads\/sites\/15\/2020\/07\/idees-marketing.jpg 834w, http:\/\/elem-granvelle-besancon.ac-besancon.fr\/wp-content\/uploads\/sites\/15\/2020\/07\/idees-marketing-300x164.jpg 300w, http:\/\/elem-granvelle-besancon.ac-besancon.fr\/wp-content\/uploads\/sites\/15\/2020\/07\/idees-marketing-768x419.jpg 768w, http:\/\/elem-granvelle-besancon.ac-besancon.fr\/wp-content\/uploads\/sites\/15\/2020\/07\/idees-marketing-500x273.jpg 500w\" sizes=\"auto, (max-width: 834px) 100vw, 834px\" \/><\/p>\n<hr \/>\n<p><img loading=\"lazy\" decoding=\"async\" class=\"alignnone size-full wp-image-10545\" src=\"http:\/\/elem-granvelle-besancon.ac-besancon.fr\/wp-content\/uploads\/sites\/15\/2020\/06\/1-minute-au-Mus\u00e9e-1.jpg\" alt=\"\" width=\"1211\" height=\"167\" srcset=\"http:\/\/elem-granvelle-besancon.ac-besancon.fr\/wp-content\/uploads\/sites\/15\/2020\/06\/1-minute-au-Mus\u00e9e-1.jpg 1211w, http:\/\/elem-granvelle-besancon.ac-besancon.fr\/wp-content\/uploads\/sites\/15\/2020\/06\/1-minute-au-Mus\u00e9e-1-300x41.jpg 300w, http:\/\/elem-granvelle-besancon.ac-besancon.fr\/wp-content\/uploads\/sites\/15\/2020\/06\/1-minute-au-Mus\u00e9e-1-1024x141.jpg 1024w, http:\/\/elem-granvelle-besancon.ac-besancon.fr\/wp-content\/uploads\/sites\/15\/2020\/06\/1-minute-au-Mus\u00e9e-1-768x106.jpg 768w, http:\/\/elem-granvelle-besancon.ac-besancon.fr\/wp-content\/uploads\/sites\/15\/2020\/06\/1-minute-au-Mus\u00e9e-1-500x69.jpg 500w\" sizes=\"auto, (max-width: 1211px) 100vw, 1211px\" \/><\/p>\n<div style=\"width: 584px;\" class=\"wp-video\"><video class=\"wp-video-shortcode\" id=\"video-10639-2\" width=\"584\" height=\"438\" preload=\"metadata\" controls=\"controls\"><source type=\"video\/mp4\" src=\"http:\/\/elem-granvelle-besancon.ac-besancon.fr\/wp-content\/uploads\/sites\/15\/2020\/07\/Une-Minute-au-Mus\u00e9e-EP62-La-Plan\u00e8te-Mercure\u2026.mp4?_=2\" \/><a href=\"http:\/\/elem-granvelle-besancon.ac-besancon.fr\/wp-content\/uploads\/sites\/15\/2020\/07\/Une-Minute-au-Mus\u00e9e-EP62-La-Plan\u00e8te-Mercure\u2026.mp4\">http:\/\/elem-granvelle-besancon.ac-besancon.fr\/wp-content\/uploads\/sites\/15\/2020\/07\/Une-Minute-au-Mus\u00e9e-EP62-La-Plan\u00e8te-Mercure\u2026.mp4<\/a><\/video><\/div>\n<p>&nbsp;<\/p>\n<hr \/>\n<p><img loading=\"lazy\" decoding=\"async\" class=\"alignnone size-full wp-image-10546\" src=\"http:\/\/elem-granvelle-besancon.ac-besancon.fr\/wp-content\/uploads\/sites\/15\/2020\/06\/1-jour-1-question-1.jpg\" alt=\"\" width=\"1240\" height=\"166\" srcset=\"http:\/\/elem-granvelle-besancon.ac-besancon.fr\/wp-content\/uploads\/sites\/15\/2020\/06\/1-jour-1-question-1.jpg 1240w, http:\/\/elem-granvelle-besancon.ac-besancon.fr\/wp-content\/uploads\/sites\/15\/2020\/06\/1-jour-1-question-1-300x40.jpg 300w, http:\/\/elem-granvelle-besancon.ac-besancon.fr\/wp-content\/uploads\/sites\/15\/2020\/06\/1-jour-1-question-1-1024x137.jpg 1024w, http:\/\/elem-granvelle-besancon.ac-besancon.fr\/wp-content\/uploads\/sites\/15\/2020\/06\/1-jour-1-question-1-768x103.jpg 768w, http:\/\/elem-granvelle-besancon.ac-besancon.fr\/wp-content\/uploads\/sites\/15\/2020\/06\/1-jour-1-question-1-500x67.jpg 500w\" sizes=\"auto, (max-width: 1240px) 100vw, 1240px\" \/><\/p>\n<div style=\"width: 584px;\" class=\"wp-video\"><video class=\"wp-video-shortcode\" id=\"video-10639-3\" width=\"584\" height=\"328\" preload=\"metadata\" controls=\"controls\"><source type=\"video\/mp4\" src=\"http:\/\/elem-granvelle-besancon.ac-besancon.fr\/wp-content\/uploads\/sites\/15\/2020\/07\/Pourquoi-\u00e9coute-t-on-de-la-musique-1-jour-1-question.mp4?_=3\" \/><a href=\"http:\/\/elem-granvelle-besancon.ac-besancon.fr\/wp-content\/uploads\/sites\/15\/2020\/07\/Pourquoi-\u00e9coute-t-on-de-la-musique-1-jour-1-question.mp4\">http:\/\/elem-granvelle-besancon.ac-besancon.fr\/wp-content\/uploads\/sites\/15\/2020\/07\/Pourquoi-\u00e9coute-t-on-de-la-musique-1-jour-1-question.mp4<\/a><\/video><\/div>\n<p>&nbsp;<\/p>\n<hr \/>\n<p><img loading=\"lazy\" decoding=\"async\" class=\"alignnone size-full wp-image-8441\" src=\"http:\/\/elem-granvelle-besancon.ac-besancon.fr\/wp-content\/uploads\/sites\/15\/2020\/05\/GESTES-BARRIERES-2.jpg\" alt=\"\" width=\"960\" height=\"150\" srcset=\"http:\/\/elem-granvelle-besancon.ac-besancon.fr\/wp-content\/uploads\/sites\/15\/2020\/05\/GESTES-BARRIERES-2.jpg 960w, http:\/\/elem-granvelle-besancon.ac-besancon.fr\/wp-content\/uploads\/sites\/15\/2020\/05\/GESTES-BARRIERES-2-300x47.jpg 300w, http:\/\/elem-granvelle-besancon.ac-besancon.fr\/wp-content\/uploads\/sites\/15\/2020\/05\/GESTES-BARRIERES-2-768x120.jpg 768w, http:\/\/elem-granvelle-besancon.ac-besancon.fr\/wp-content\/uploads\/sites\/15\/2020\/05\/GESTES-BARRIERES-2-500x78.jpg 500w\" sizes=\"auto, (max-width: 960px) 100vw, 960px\" \/><\/p>\n<hr \/>\n<p>&nbsp;<\/p>\n","protected":false},"excerpt":{"rendered":"<p>Bonjour ! J&#8217;esp\u00e8re que vous allez passer un moment agr\u00e9able avec Jos\u00e9. Pour ce jeudi 2 juillet (dernier jeudi), il n&#8217;y a plus de r\u00e9visions. Je vous propose quelques activit\u00e9s que vous pourrez faire avec la ma\u00eetresse. \u00a0 \u00a0 \u00a0 &hellip; <a href=\"http:\/\/elem-granvelle-besancon.ac-besancon.fr\/?p=10639\">Continuer la lecture <span class=\"meta-nav\">&rarr;<\/span><\/a><\/p>\n","protected":false},"author":16,"featured_media":0,"comment_status":"closed","ping_status":"open","sticky":false,"template":"","format":"standard","meta":{"footnotes":""},"categories":[7],"tags":[],"class_list":["post-10639","post","type-post","status-publish","format-standard","hentry","category-classe-cm1"],"_links":{"self":[{"href":"http:\/\/elem-granvelle-besancon.ac-besancon.fr\/index.php?rest_route=\/wp\/v2\/posts\/10639","targetHints":{"allow":["GET"]}}],"collection":[{"href":"http:\/\/elem-granvelle-besancon.ac-besancon.fr\/index.php?rest_route=\/wp\/v2\/posts"}],"about":[{"href":"http:\/\/elem-granvelle-besancon.ac-besancon.fr\/index.php?rest_route=\/wp\/v2\/types\/post"}],"author":[{"embeddable":true,"href":"http:\/\/elem-granvelle-besancon.ac-besancon.fr\/index.php?rest_route=\/wp\/v2\/users\/16"}],"replies":[{"embeddable":true,"href":"http:\/\/elem-granvelle-besancon.ac-besancon.fr\/index.php?rest_route=%2Fwp%2Fv2%2Fcomments&post=10639"}],"version-history":[{"count":18,"href":"http:\/\/elem-granvelle-besancon.ac-besancon.fr\/index.php?rest_route=\/wp\/v2\/posts\/10639\/revisions"}],"predecessor-version":[{"id":10778,"href":"http:\/\/elem-granvelle-besancon.ac-besancon.fr\/index.php?rest_route=\/wp\/v2\/posts\/10639\/revisions\/10778"}],"wp:attachment":[{"href":"http:\/\/elem-granvelle-besancon.ac-besancon.fr\/index.php?rest_route=%2Fwp%2Fv2%2Fmedia&parent=10639"}],"wp:term":[{"taxonomy":"category","embeddable":true,"href":"http:\/\/elem-granvelle-besancon.ac-besancon.fr\/index.php?rest_route=%2Fwp%2Fv2%2Fcategories&post=10639"},{"taxonomy":"post_tag","embeddable":true,"href":"http:\/\/elem-granvelle-besancon.ac-besancon.fr\/index.php?rest_route=%2Fwp%2Fv2%2Ftags&post=10639"}],"curies":[{"name":"wp","href":"https:\/\/api.w.org\/{rel}","templated":true}]}}