{"id":10797,"date":"2020-07-02T18:00:37","date_gmt":"2020-07-02T16:00:37","guid":{"rendered":"http:\/\/elem-granvelle-besancon.ac-besancon.fr\/?p=10797"},"modified":"2020-07-02T15:41:17","modified_gmt":"2020-07-02T13:41:17","slug":"vendredi-3-juillet-dernier-jour-de-classe-ce2-cm1","status":"publish","type":"post","link":"http:\/\/elem-granvelle-besancon.ac-besancon.fr\/?p=10797","title":{"rendered":"VENDREDI 3 JUILLET DERNIER JOUR DE CLASSE CE2 CM1"},"content":{"rendered":"<div style=\"width: 584px;\" class=\"wp-video\"><video class=\"wp-video-shortcode\" id=\"video-10797-1\" width=\"584\" height=\"418\" preload=\"metadata\" controls=\"controls\"><source type=\"video\/mp4\" src=\"http:\/\/elem-granvelle-besancon.ac-besancon.fr\/wp-content\/uploads\/sites\/15\/2020\/07\/VENDREDI-3-JUILLET.mp4?_=1\" \/><a href=\"http:\/\/elem-granvelle-besancon.ac-besancon.fr\/wp-content\/uploads\/sites\/15\/2020\/07\/VENDREDI-3-JUILLET.mp4\">http:\/\/elem-granvelle-besancon.ac-besancon.fr\/wp-content\/uploads\/sites\/15\/2020\/07\/VENDREDI-3-JUILLET.mp4<\/a><\/video><\/div>\n<p><span style=\"color: #ff6600\"><strong>Bonjour les enfants et bonjour ma\u00eetresse Sara!<\/strong><\/span><\/p>\n<p><span style=\"color: #ff6600\"><strong>C&#8217;\u00e9tait super de se voir mercredi.<\/strong><\/span><\/p>\n<p><span style=\"color: #ff6600\"><strong>Pour ce dernier jour de classe, les derni\u00e8res corrections et&#8230;&#8230;&#8230;&#8230;&#8230; 2 films propos\u00e9s pour que vous puissiez choisir.<\/strong><\/span><\/p>\n<p><span style=\"color: #ff6600\"><strong>Je vous souhaite \u00e0 toutes et \u00e0 tous de magnifiques vacances bien m\u00e9rit\u00e9es!!!!!!! Et j&#8217;en profite pour souhaiter \u00e0 No\u00e9, Mathieu et Chlo\u00e9 une belle vie dans leurs nouvelles villes (Rambouillet, Avallon et Orl\u00e9ans). Vous pourrez nous donner des nouvelles avec le blog.<\/strong><\/span><\/p>\n<hr \/>\n<p><img loading=\"lazy\" decoding=\"async\" class=\"aligncenter size-full wp-image-10533\" src=\"http:\/\/elem-granvelle-besancon.ac-besancon.fr\/wp-content\/uploads\/sites\/15\/2020\/06\/ETIQUETTE-CORRECTIONS-1.jpg\" alt=\"\" width=\"889\" height=\"168\" srcset=\"http:\/\/elem-granvelle-besancon.ac-besancon.fr\/wp-content\/uploads\/sites\/15\/2020\/06\/ETIQUETTE-CORRECTIONS-1.jpg 889w, http:\/\/elem-granvelle-besancon.ac-besancon.fr\/wp-content\/uploads\/sites\/15\/2020\/06\/ETIQUETTE-CORRECTIONS-1-300x57.jpg 300w, http:\/\/elem-granvelle-besancon.ac-besancon.fr\/wp-content\/uploads\/sites\/15\/2020\/06\/ETIQUETTE-CORRECTIONS-1-768x145.jpg 768w, http:\/\/elem-granvelle-besancon.ac-besancon.fr\/wp-content\/uploads\/sites\/15\/2020\/06\/ETIQUETTE-CORRECTIONS-1-500x94.jpg 500w\" sizes=\"auto, (max-width: 889px) 100vw, 889px\" \/><\/p>\n<p><img loading=\"lazy\" decoding=\"async\" class=\"alignright wp-image-9342 size-medium\" src=\"http:\/\/elem-granvelle-besancon.ac-besancon.fr\/wp-content\/uploads\/sites\/15\/2020\/06\/snoopy-un-ami-qui-nous-fait-du-bien-300x229.jpg\" alt=\"\" width=\"300\" height=\"229\" srcset=\"http:\/\/elem-granvelle-besancon.ac-besancon.fr\/wp-content\/uploads\/sites\/15\/2020\/06\/snoopy-un-ami-qui-nous-fait-du-bien-300x229.jpg 300w, http:\/\/elem-granvelle-besancon.ac-besancon.fr\/wp-content\/uploads\/sites\/15\/2020\/06\/snoopy-un-ami-qui-nous-fait-du-bien-1024x781.jpg 1024w, http:\/\/elem-granvelle-besancon.ac-besancon.fr\/wp-content\/uploads\/sites\/15\/2020\/06\/snoopy-un-ami-qui-nous-fait-du-bien-768x586.jpg 768w, http:\/\/elem-granvelle-besancon.ac-besancon.fr\/wp-content\/uploads\/sites\/15\/2020\/06\/snoopy-un-ami-qui-nous-fait-du-bien-393x300.jpg 393w, http:\/\/elem-granvelle-besancon.ac-besancon.fr\/wp-content\/uploads\/sites\/15\/2020\/06\/snoopy-un-ami-qui-nous-fait-du-bien.jpg 1280w\" sizes=\"auto, (max-width: 300px) 100vw, 300px\" \/><\/p>\n<p><span style=\"color: #ff0000\"><strong><a style=\"color: #ff0000\" href=\"http:\/\/elem-granvelle-besancon.ac-besancon.fr\/wp-content\/uploads\/sites\/15\/2020\/07\/TOUR-DE-FRANCE-ESCALE-GRAND-EST-CE2-CORRECTION.pdf\">TOUR DE FRANCE ESCALE GRAND EST CE2 CORRECTION<\/a><\/strong><\/span><\/p>\n<p>&nbsp;<\/p>\n<p><img loading=\"lazy\" decoding=\"async\" class=\"alignnone size-thumbnail wp-image-9999\" src=\"http:\/\/elem-granvelle-besancon.ac-besancon.fr\/wp-content\/uploads\/sites\/15\/2020\/06\/mafalda-150x150.jpg\" alt=\"\" width=\"150\" height=\"150\" \/><\/p>\n<p>&nbsp;<\/p>\n<p><span style=\"color: #ff0000\"><strong><a style=\"color: #ff0000\" href=\"http:\/\/elem-granvelle-besancon.ac-besancon.fr\/wp-content\/uploads\/sites\/15\/2020\/07\/TOUR-DE-FRANCE-ESCALE-GRAND-EST-CM1-CORRECTION.pdf\">TOUR DE FRANCE ESCALE GRAND EST CM1 CORRECTION<\/a><\/strong><\/span><\/p>\n<hr \/>\n<p><img loading=\"lazy\" decoding=\"async\" class=\"alignnone wp-image-10815 size-full\" src=\"http:\/\/elem-granvelle-besancon.ac-besancon.fr\/wp-content\/uploads\/sites\/15\/2020\/07\/cinema-1.jpg\" alt=\"\" width=\"1279\" height=\"332\" srcset=\"http:\/\/elem-granvelle-besancon.ac-besancon.fr\/wp-content\/uploads\/sites\/15\/2020\/07\/cinema-1.jpg 1279w, http:\/\/elem-granvelle-besancon.ac-besancon.fr\/wp-content\/uploads\/sites\/15\/2020\/07\/cinema-1-300x78.jpg 300w, http:\/\/elem-granvelle-besancon.ac-besancon.fr\/wp-content\/uploads\/sites\/15\/2020\/07\/cinema-1-1024x266.jpg 1024w, http:\/\/elem-granvelle-besancon.ac-besancon.fr\/wp-content\/uploads\/sites\/15\/2020\/07\/cinema-1-768x199.jpg 768w, http:\/\/elem-granvelle-besancon.ac-besancon.fr\/wp-content\/uploads\/sites\/15\/2020\/07\/cinema-1-500x130.jpg 500w\" sizes=\"auto, (max-width: 1279px) 100vw, 1279px\" \/><\/p>\n<p><span style=\"color: #800080\"><strong>Voici les 2 films que je propose: (clique sur les images)<\/strong><\/span><\/p>\n<p><a href=\"https:\/\/drive.google.com\/file\/d\/1KTzLDXRsfx4NV5B6BDXDdgcxlpF0v5sc\/view?usp=sharing\"><img loading=\"lazy\" decoding=\"async\" class=\"alignnone size-full wp-image-10806\" src=\"http:\/\/elem-granvelle-besancon.ac-besancon.fr\/wp-content\/uploads\/sites\/15\/2020\/07\/543188.jpg\" alt=\"\" width=\"1104\" height=\"1500\" srcset=\"http:\/\/elem-granvelle-besancon.ac-besancon.fr\/wp-content\/uploads\/sites\/15\/2020\/07\/543188.jpg 1104w, http:\/\/elem-granvelle-besancon.ac-besancon.fr\/wp-content\/uploads\/sites\/15\/2020\/07\/543188-221x300.jpg 221w, http:\/\/elem-granvelle-besancon.ac-besancon.fr\/wp-content\/uploads\/sites\/15\/2020\/07\/543188-754x1024.jpg 754w, http:\/\/elem-granvelle-besancon.ac-besancon.fr\/wp-content\/uploads\/sites\/15\/2020\/07\/543188-768x1043.jpg 768w\" sizes=\"auto, (max-width: 1104px) 100vw, 1104px\" \/><\/a><\/p>\n<p>&nbsp;<\/p>\n<p><a href=\"https:\/\/drive.google.com\/file\/d\/1UOL-KCU9afDydYOaRAQ6u7_fj3VyS4U8\/view?usp=sharing\"><img loading=\"lazy\" decoding=\"async\" class=\"alignnone size-full wp-image-10807\" src=\"http:\/\/elem-granvelle-besancon.ac-besancon.fr\/wp-content\/uploads\/sites\/15\/2020\/07\/20271941.jpg\" alt=\"\" width=\"600\" height=\"800\" srcset=\"http:\/\/elem-granvelle-besancon.ac-besancon.fr\/wp-content\/uploads\/sites\/15\/2020\/07\/20271941.jpg 600w, http:\/\/elem-granvelle-besancon.ac-besancon.fr\/wp-content\/uploads\/sites\/15\/2020\/07\/20271941-225x300.jpg 225w\" sizes=\"auto, (max-width: 600px) 100vw, 600px\" \/><\/a><\/p>\n<hr \/>\n<div style=\"width: 584px;\" class=\"wp-video\"><video class=\"wp-video-shortcode\" id=\"video-10797-2\" width=\"584\" height=\"404\" preload=\"metadata\" controls=\"controls\"><source type=\"video\/mp4\" src=\"http:\/\/elem-granvelle-besancon.ac-besancon.fr\/wp-content\/uploads\/sites\/15\/2020\/07\/bonnes-vacances.mp4?_=2\" \/><a href=\"http:\/\/elem-granvelle-besancon.ac-besancon.fr\/wp-content\/uploads\/sites\/15\/2020\/07\/bonnes-vacances.mp4\">http:\/\/elem-granvelle-besancon.ac-besancon.fr\/wp-content\/uploads\/sites\/15\/2020\/07\/bonnes-vacances.mp4<\/a><\/video><\/div>\n<p>&nbsp;<\/p>\n<p>&nbsp;<\/p>\n<p>&nbsp;<\/p>\n<hr \/>\n<p><span style=\"color: #800080\"><strong>L&#8217;ECOLE EST FINIE:<\/strong><\/span><\/p>\n<audio class=\"wp-audio-shortcode\" id=\"audio-10797-1\" preload=\"none\" style=\"width: 100%;\" controls=\"controls\"><source type=\"audio\/mpeg\" src=\"http:\/\/elem-granvelle-besancon.ac-besancon.fr\/wp-content\/uploads\/sites\/15\/2020\/07\/Sheila_L\u00e9cole-est-finie.mp3?_=1\" \/><a href=\"http:\/\/elem-granvelle-besancon.ac-besancon.fr\/wp-content\/uploads\/sites\/15\/2020\/07\/Sheila_L\u00e9cole-est-finie.mp3\">http:\/\/elem-granvelle-besancon.ac-besancon.fr\/wp-content\/uploads\/sites\/15\/2020\/07\/Sheila_L\u00e9cole-est-finie.mp3<\/a><\/audio>\n<hr \/>\n<p><img loading=\"lazy\" decoding=\"async\" class=\"alignnone size-full wp-image-8441\" src=\"http:\/\/elem-granvelle-besancon.ac-besancon.fr\/wp-content\/uploads\/sites\/15\/2020\/05\/GESTES-BARRIERES-2.jpg\" alt=\"\" width=\"960\" height=\"150\" srcset=\"http:\/\/elem-granvelle-besancon.ac-besancon.fr\/wp-content\/uploads\/sites\/15\/2020\/05\/GESTES-BARRIERES-2.jpg 960w, http:\/\/elem-granvelle-besancon.ac-besancon.fr\/wp-content\/uploads\/sites\/15\/2020\/05\/GESTES-BARRIERES-2-300x47.jpg 300w, http:\/\/elem-granvelle-besancon.ac-besancon.fr\/wp-content\/uploads\/sites\/15\/2020\/05\/GESTES-BARRIERES-2-768x120.jpg 768w, http:\/\/elem-granvelle-besancon.ac-besancon.fr\/wp-content\/uploads\/sites\/15\/2020\/05\/GESTES-BARRIERES-2-500x78.jpg 500w\" sizes=\"auto, (max-width: 960px) 100vw, 960px\" \/><\/p>\n","protected":false},"excerpt":{"rendered":"<p>Bonjour les enfants et bonjour ma\u00eetresse Sara! C&#8217;\u00e9tait super de se voir mercredi. Pour ce dernier jour de classe, les derni\u00e8res corrections et&#8230;&#8230;&#8230;&#8230;&#8230; 2 films propos\u00e9s pour que vous puissiez choisir. Je vous souhaite \u00e0 toutes et \u00e0 tous de &hellip; <a href=\"http:\/\/elem-granvelle-besancon.ac-besancon.fr\/?p=10797\">Continuer la lecture <span class=\"meta-nav\">&rarr;<\/span><\/a><\/p>\n","protected":false},"author":16,"featured_media":0,"comment_status":"closed","ping_status":"open","sticky":false,"template":"","format":"standard","meta":{"footnotes":""},"categories":[7],"tags":[],"class_list":["post-10797","post","type-post","status-publish","format-standard","hentry","category-classe-cm1"],"_links":{"self":[{"href":"http:\/\/elem-granvelle-besancon.ac-besancon.fr\/index.php?rest_route=\/wp\/v2\/posts\/10797","targetHints":{"allow":["GET"]}}],"collection":[{"href":"http:\/\/elem-granvelle-besancon.ac-besancon.fr\/index.php?rest_route=\/wp\/v2\/posts"}],"about":[{"href":"http:\/\/elem-granvelle-besancon.ac-besancon.fr\/index.php?rest_route=\/wp\/v2\/types\/post"}],"author":[{"embeddable":true,"href":"http:\/\/elem-granvelle-besancon.ac-besancon.fr\/index.php?rest_route=\/wp\/v2\/users\/16"}],"replies":[{"embeddable":true,"href":"http:\/\/elem-granvelle-besancon.ac-besancon.fr\/index.php?rest_route=%2Fwp%2Fv2%2Fcomments&post=10797"}],"version-history":[{"count":9,"href":"http:\/\/elem-granvelle-besancon.ac-besancon.fr\/index.php?rest_route=\/wp\/v2\/posts\/10797\/revisions"}],"predecessor-version":[{"id":10817,"href":"http:\/\/elem-granvelle-besancon.ac-besancon.fr\/index.php?rest_route=\/wp\/v2\/posts\/10797\/revisions\/10817"}],"wp:attachment":[{"href":"http:\/\/elem-granvelle-besancon.ac-besancon.fr\/index.php?rest_route=%2Fwp%2Fv2%2Fmedia&parent=10797"}],"wp:term":[{"taxonomy":"category","embeddable":true,"href":"http:\/\/elem-granvelle-besancon.ac-besancon.fr\/index.php?rest_route=%2Fwp%2Fv2%2Fcategories&post=10797"},{"taxonomy":"post_tag","embeddable":true,"href":"http:\/\/elem-granvelle-besancon.ac-besancon.fr\/index.php?rest_route=%2Fwp%2Fv2%2Ftags&post=10797"}],"curies":[{"name":"wp","href":"https:\/\/api.w.org\/{rel}","templated":true}]}}