{"id":10837,"date":"2020-07-03T12:00:47","date_gmt":"2020-07-03T10:00:47","guid":{"rendered":"http:\/\/elem-granvelle-besancon.ac-besancon.fr\/?p=10837"},"modified":"2020-07-03T12:00:52","modified_gmt":"2020-07-03T10:00:52","slug":"rentree-de-septembre-2020-listes-des-classes","status":"publish","type":"post","link":"http:\/\/elem-granvelle-besancon.ac-besancon.fr\/?p=10837","title":{"rendered":"RENTR\u00c9E DE SEPTEMBRE 2020: Listes des classes."},"content":{"rendered":"<p><span style=\"color: #800080\"><strong>Le conseil de l&#8217;\u00e9quipe enseignante se r\u00e9unira le vendredi 28 ao\u00fbt.<\/strong><\/span><\/p>\n<p><span style=\"color: #008000\"><strong>Les listes des classes seront disponibles sur cet article et affich\u00e9es \u00e0 l&#8217;\u00e9cole \u00e0 partir du vendredi soir.<\/strong><\/span><\/p>\n<p><strong><span style=\"color: #800080\">Cordialement.<\/span><\/strong><\/p>\n<p><strong><span style=\"color: #800080\">L&#8217;\u00e9quipe enseignante.<\/span><\/strong><\/p>\n","protected":false},"excerpt":{"rendered":"<p>Le conseil de l&#8217;\u00e9quipe enseignante se r\u00e9unira le vendredi 28 ao\u00fbt. Les listes des classes seront disponibles sur cet article et affich\u00e9es \u00e0 l&#8217;\u00e9cole \u00e0 partir du vendredi soir. Cordialement. L&#8217;\u00e9quipe enseignante.<\/p>\n","protected":false},"author":16,"featured_media":0,"comment_status":"closed","ping_status":"open","sticky":false,"template":"","format":"standard","meta":{"footnotes":""},"categories":[15,2,16,4],"tags":[],"class_list":["post-10837","post","type-post","status-publish","format-standard","hentry","category-apeeg","category-infos-parents","category-representants-des-parents-d-eleves","category-vie-de-l-ecole"],"_links":{"self":[{"href":"http:\/\/elem-granvelle-besancon.ac-besancon.fr\/index.php?rest_route=\/wp\/v2\/posts\/10837","targetHints":{"allow":["GET"]}}],"collection":[{"href":"http:\/\/elem-granvelle-besancon.ac-besancon.fr\/index.php?rest_route=\/wp\/v2\/posts"}],"about":[{"href":"http:\/\/elem-granvelle-besancon.ac-besancon.fr\/index.php?rest_route=\/wp\/v2\/types\/post"}],"author":[{"embeddable":true,"href":"http:\/\/elem-granvelle-besancon.ac-besancon.fr\/index.php?rest_route=\/wp\/v2\/users\/16"}],"replies":[{"embeddable":true,"href":"http:\/\/elem-granvelle-besancon.ac-besancon.fr\/index.php?rest_route=%2Fwp%2Fv2%2Fcomments&post=10837"}],"version-history":[{"count":1,"href":"http:\/\/elem-granvelle-besancon.ac-besancon.fr\/index.php?rest_route=\/wp\/v2\/posts\/10837\/revisions"}],"predecessor-version":[{"id":10838,"href":"http:\/\/elem-granvelle-besancon.ac-besancon.fr\/index.php?rest_route=\/wp\/v2\/posts\/10837\/revisions\/10838"}],"wp:attachment":[{"href":"http:\/\/elem-granvelle-besancon.ac-besancon.fr\/index.php?rest_route=%2Fwp%2Fv2%2Fmedia&parent=10837"}],"wp:term":[{"taxonomy":"category","embeddable":true,"href":"http:\/\/elem-granvelle-besancon.ac-besancon.fr\/index.php?rest_route=%2Fwp%2Fv2%2Fcategories&post=10837"},{"taxonomy":"post_tag","embeddable":true,"href":"http:\/\/elem-granvelle-besancon.ac-besancon.fr\/index.php?rest_route=%2Fwp%2Fv2%2Ftags&post=10837"}],"curies":[{"name":"wp","href":"https:\/\/api.w.org\/{rel}","templated":true}]}}