{"id":10913,"date":"2020-09-09T08:27:01","date_gmt":"2020-09-09T06:27:01","guid":{"rendered":"http:\/\/elem-granvelle-besancon.ac-besancon.fr\/?p=10913"},"modified":"2020-09-09T08:34:45","modified_gmt":"2020-09-09T06:34:45","slug":"ce2-cm1-reunion-de-rentree-14-09-et-devoirs-du-jeudi-10-septembre-2","status":"publish","type":"post","link":"http:\/\/elem-granvelle-besancon.ac-besancon.fr\/?p=10913","title":{"rendered":"CE2 CM1 :R\u00e9union de rentr\u00e9e 14\/09 et devoirs du jeudi 10 septembre 2"},"content":{"rendered":"<ol>\n<li><strong>R\u00e9union de rentr\u00e9e:<\/strong><\/li>\n<\/ol>\n<p>R\u00e9union de rentr\u00e9e pour la classe de CE2 CM1 le<strong> lundi 14 septembre 2020 \u00e0 18h00<\/strong> dans le pr\u00e9au.<\/p>\n<p><strong>2. Devoirs pour le vendredi 10 septembre:<\/strong><\/p>\n<p><strong>GRAMMAIRE<\/strong>: la phrase. Apprendre la le\u00e7on ( classeur 1,1\u00b0 intercalaire)<\/p>\n<p><strong><a href=\"http:\/\/elem-granvelle-besancon.ac-besancon.fr\/wp-content\/uploads\/sites\/15\/2020\/09\/Lecon-Cm1-sur-les-formes-de-phrases.docx\">Le\u00e7on-Cm1-sur-les-formes-de-phrases<\/a><\/strong><\/p>\n<p><strong> <a href=\"http:\/\/elem-granvelle-besancon.ac-besancon.fr\/wp-content\/uploads\/sites\/15\/2020\/09\/Lecon-La-phrase-CE2.docx\">Le\u00e7on-La-phrase-CE2<\/a><\/strong><\/p>\n<p><strong>ORTHOGRAPHE:<\/strong><\/p>\n<p><strong>Fiche F1 dict\u00e9es flash (classeur 1, 2\u00b0 intercalaire)<\/strong><\/p>\n<p><span style=\"color: #ff0000\"><strong>CE2\u00a0 Semaine 1 dict\u00e9e N\u00b01<\/strong><\/span> en autodict\u00e9e (apprendre le texte comme une po\u00e9sie et savoir le r\u00e9\u00e9crire de t\u00eate correctement).<strong><em> Mots \u00e0 savoir orthographier:<\/em><\/strong> apprendre les 5 premiers mots.<\/p>\n<p><span style=\"color: #003366\"><strong> CM1\u00a0 Semaine 1 dict\u00e9e N\u00b01<\/strong><\/span> en autodict\u00e9e (apprendre le texte comme une po\u00e9sie et savoir le r\u00e9\u00e9crire de t\u00eate correctement). <strong><em>Mots \u00e0 savoir orthographier:<\/em> <\/strong>apprendre les 5 premiers mots..<\/p>\n<p><strong>NOMBRES:<\/strong><\/p>\n<p><span style=\"color: #ff0000\"><strong>CE2<\/strong><\/span>\u00a0 Exercice n\u00b0 4 page 12 (livre &#8220;La cl\u00e9 des Maths&#8221;) dans le cahier de devoirs<\/p>\n<p><span style=\"color: #003366\"><strong>CM1<\/strong><\/span>: Exercice n\u00b0 5 page 11 (livre &#8220;A port\u00e9e\u00a0 de Maths&#8221;) dans le cahier de devoirs<\/p>\n<p>&nbsp;<\/p>\n<p>&nbsp;<\/p>\n","protected":false},"excerpt":{"rendered":"<p>R\u00e9union de rentr\u00e9e: R\u00e9union de rentr\u00e9e pour la classe de CE2 CM1 le lundi 14 septembre 2020 \u00e0 18h00 dans le pr\u00e9au. 2. Devoirs pour le vendredi 10 septembre: GRAMMAIRE: la phrase. Apprendre la le\u00e7on ( classeur 1,1\u00b0 intercalaire) Le\u00e7on-Cm1-sur-les-formes-de-phrases &hellip; <a href=\"http:\/\/elem-granvelle-besancon.ac-besancon.fr\/?p=10913\">Continuer la lecture <span class=\"meta-nav\">&rarr;<\/span><\/a><\/p>\n","protected":false},"author":16,"featured_media":0,"comment_status":"closed","ping_status":"open","sticky":false,"template":"","format":"standard","meta":{"footnotes":""},"categories":[7],"tags":[],"class_list":["post-10913","post","type-post","status-publish","format-standard","hentry","category-classe-cm1"],"_links":{"self":[{"href":"http:\/\/elem-granvelle-besancon.ac-besancon.fr\/index.php?rest_route=\/wp\/v2\/posts\/10913","targetHints":{"allow":["GET"]}}],"collection":[{"href":"http:\/\/elem-granvelle-besancon.ac-besancon.fr\/index.php?rest_route=\/wp\/v2\/posts"}],"about":[{"href":"http:\/\/elem-granvelle-besancon.ac-besancon.fr\/index.php?rest_route=\/wp\/v2\/types\/post"}],"author":[{"embeddable":true,"href":"http:\/\/elem-granvelle-besancon.ac-besancon.fr\/index.php?rest_route=\/wp\/v2\/users\/16"}],"replies":[{"embeddable":true,"href":"http:\/\/elem-granvelle-besancon.ac-besancon.fr\/index.php?rest_route=%2Fwp%2Fv2%2Fcomments&post=10913"}],"version-history":[{"count":1,"href":"http:\/\/elem-granvelle-besancon.ac-besancon.fr\/index.php?rest_route=\/wp\/v2\/posts\/10913\/revisions"}],"predecessor-version":[{"id":10916,"href":"http:\/\/elem-granvelle-besancon.ac-besancon.fr\/index.php?rest_route=\/wp\/v2\/posts\/10913\/revisions\/10916"}],"wp:attachment":[{"href":"http:\/\/elem-granvelle-besancon.ac-besancon.fr\/index.php?rest_route=%2Fwp%2Fv2%2Fmedia&parent=10913"}],"wp:term":[{"taxonomy":"category","embeddable":true,"href":"http:\/\/elem-granvelle-besancon.ac-besancon.fr\/index.php?rest_route=%2Fwp%2Fv2%2Fcategories&post=10913"},{"taxonomy":"post_tag","embeddable":true,"href":"http:\/\/elem-granvelle-besancon.ac-besancon.fr\/index.php?rest_route=%2Fwp%2Fv2%2Ftags&post=10913"}],"curies":[{"name":"wp","href":"https:\/\/api.w.org\/{rel}","templated":true}]}}