{"id":11055,"date":"2020-10-04T10:26:12","date_gmt":"2020-10-04T08:26:12","guid":{"rendered":"http:\/\/elem-granvelle-besancon.ac-besancon.fr\/?p=11055"},"modified":"2020-10-04T10:56:57","modified_gmt":"2020-10-04T08:56:57","slug":"ce2-cm1-devoirs-pour-le-mardi-6-octobre-2020","status":"publish","type":"post","link":"http:\/\/elem-granvelle-besancon.ac-besancon.fr\/?p=11055","title":{"rendered":"CE2 CM1 Devoirs pour le mardi 6 octobre 2020"},"content":{"rendered":"<p><img loading=\"lazy\" decoding=\"async\" class=\"alignnone size-full wp-image-8770\" src=\"http:\/\/elem-granvelle-besancon.ac-besancon.fr\/wp-content\/uploads\/sites\/15\/2020\/05\/snoopy.gif\" alt=\"\" width=\"235\" height=\"351\" \/><\/p>\n<p>&nbsp;<\/p>\n<p><img loading=\"lazy\" decoding=\"async\" class=\"alignnone wp-image-5987\" src=\"http:\/\/elem-granvelle-besancon.ac-besancon.fr\/wp-content\/uploads\/sites\/15\/2020\/04\/LE-COIN-POESIE.jpg\" alt=\"\" width=\"334\" height=\"244\" \/><\/p>\n<p><span style=\"color: #ff0000\"><strong>&#8220;Le li\u00e8vre et la tortue&#8221;: Pr\u00e9parer la lecture \u00e0 haute voix de la fable\u00a0<\/strong><\/span><\/p>\n<p><span style=\"color: #000000\"><strong><a style=\"color: #000000\" href=\"http:\/\/elem-granvelle-besancon.ac-besancon.fr\/wp-content\/uploads\/sites\/15\/2020\/10\/LE-LIEVRE-ET-LE-TORTUE.pdf\">LE LIEVRE ET LE TORTUE<\/a><\/strong><\/span><\/p>\n<p><img loading=\"lazy\" decoding=\"async\" class=\"alignnone size-full wp-image-3920\" src=\"http:\/\/elem-granvelle-besancon.ac-besancon.fr\/wp-content\/uploads\/sites\/15\/2020\/03\/CALCUL-TITRE.jpg\" alt=\"\" width=\"368\" height=\"195\" srcset=\"http:\/\/elem-granvelle-besancon.ac-besancon.fr\/wp-content\/uploads\/sites\/15\/2020\/03\/CALCUL-TITRE.jpg 368w, http:\/\/elem-granvelle-besancon.ac-besancon.fr\/wp-content\/uploads\/sites\/15\/2020\/03\/CALCUL-TITRE-300x159.jpg 300w\" sizes=\"auto, (max-width: 368px) 100vw, 368px\" \/><\/p>\n<p><strong>\u00a0Poser et calculer la somme des additions des s\u00e9ries D et E (cahier de devoirs)<\/strong><\/p>\n<p><span style=\"color: #333300\"><strong>CM1<\/strong><\/span><\/p>\n<p>D)<\/p>\n<p>9288 +358+477=<\/p>\n<p>329+3151+876=<\/p>\n<p>409+144+9172=<\/p>\n<p>2075+110+656=<\/p>\n<p>E)<\/p>\n<p>7972+681+454=<\/p>\n<p>949+1575+425=<\/p>\n<p>361+379+5635=<\/p>\n<p>2850+108+780=<\/p>\n<p><span style=\"color: #000080\"><strong>CE2<\/strong><\/span><\/p>\n<p>D)<\/p>\n<p>752+70+58=<\/p>\n<p>95+532+84=<\/p>\n<p>59+23+858=<\/p>\n<p>303+58+57=<\/p>\n<p>E)<\/p>\n<p>241+75+57=<\/p>\n<p>22+495+50=<\/p>\n<p>29+62+714=<\/p>\n<p>758+86+12=<\/p>\n<p><img loading=\"lazy\" decoding=\"async\" class=\"alignnone size-full wp-image-11061\" src=\"http:\/\/elem-granvelle-besancon.ac-besancon.fr\/wp-content\/uploads\/sites\/15\/2020\/10\/unnamed.gif\" alt=\"\" width=\"473\" height=\"491\" \/><\/p>\n<p><span style=\"color: #ff0000\"><strong>Relire les le\u00e7ons G2, O2 et C2.<\/strong><\/span><\/p>\n<p><img loading=\"lazy\" decoding=\"async\" class=\"alignnone size-full wp-image-8232\" src=\"http:\/\/elem-granvelle-besancon.ac-besancon.fr\/wp-content\/uploads\/sites\/15\/2020\/05\/MUSIQUE-CHANT.jpg\" alt=\"\" width=\"813\" height=\"343\" srcset=\"http:\/\/elem-granvelle-besancon.ac-besancon.fr\/wp-content\/uploads\/sites\/15\/2020\/05\/MUSIQUE-CHANT.jpg 813w, http:\/\/elem-granvelle-besancon.ac-besancon.fr\/wp-content\/uploads\/sites\/15\/2020\/05\/MUSIQUE-CHANT-300x127.jpg 300w, http:\/\/elem-granvelle-besancon.ac-besancon.fr\/wp-content\/uploads\/sites\/15\/2020\/05\/MUSIQUE-CHANT-768x324.jpg 768w, http:\/\/elem-granvelle-besancon.ac-besancon.fr\/wp-content\/uploads\/sites\/15\/2020\/05\/MUSIQUE-CHANT-500x211.jpg 500w\" sizes=\"auto, (max-width: 813px) 100vw, 813px\" \/><\/p>\n<p><span style=\"color: #ff0000\"><strong>Pour ceux qui veulent r\u00e9viser la chanson des Beatles:<\/strong><\/span><\/p>\n<p><span style=\"color: #ff0000\"><strong><a style=\"color: #ff0000\" href=\"http:\/\/elem-granvelle-besancon.ac-besancon.fr\/wp-content\/uploads\/sites\/15\/2020\/10\/PAROLES-DRIVE-MY-CAR-BEATLES.docx\">PAROLES DRIVE MY CAR BEATLES<\/a><\/strong><\/span><\/p>\n<audio class=\"wp-audio-shortcode\" id=\"audio-11055-1\" preload=\"none\" style=\"width: 100%;\" controls=\"controls\"><source type=\"audio\/mpeg\" src=\"http:\/\/elem-granvelle-besancon.ac-besancon.fr\/wp-content\/uploads\/sites\/15\/2020\/10\/drive-my-car-remastered-2009.mp3?_=1\" \/><a href=\"http:\/\/elem-granvelle-besancon.ac-besancon.fr\/wp-content\/uploads\/sites\/15\/2020\/10\/drive-my-car-remastered-2009.mp3\">http:\/\/elem-granvelle-besancon.ac-besancon.fr\/wp-content\/uploads\/sites\/15\/2020\/10\/drive-my-car-remastered-2009.mp3<\/a><\/audio>\n<p>&nbsp;<\/p>\n<p>,<\/p>\n<p>&nbsp;<\/p>\n<p>&nbsp;<\/p>\n<p>&nbsp;<\/p>\n","protected":false},"excerpt":{"rendered":"<p>&nbsp; &#8220;Le li\u00e8vre et la tortue&#8221;: Pr\u00e9parer la lecture \u00e0 haute voix de la fable\u00a0 LE LIEVRE ET LE TORTUE \u00a0Poser et calculer la somme des additions des s\u00e9ries D et E (cahier de devoirs) CM1 D) 9288 +358+477= 329+3151+876= &hellip; <a href=\"http:\/\/elem-granvelle-besancon.ac-besancon.fr\/?p=11055\">Continuer la lecture <span class=\"meta-nav\">&rarr;<\/span><\/a><\/p>\n","protected":false},"author":16,"featured_media":0,"comment_status":"closed","ping_status":"open","sticky":false,"template":"","format":"standard","meta":{"footnotes":""},"categories":[7],"tags":[],"class_list":["post-11055","post","type-post","status-publish","format-standard","hentry","category-classe-cm1"],"_links":{"self":[{"href":"http:\/\/elem-granvelle-besancon.ac-besancon.fr\/index.php?rest_route=\/wp\/v2\/posts\/11055","targetHints":{"allow":["GET"]}}],"collection":[{"href":"http:\/\/elem-granvelle-besancon.ac-besancon.fr\/index.php?rest_route=\/wp\/v2\/posts"}],"about":[{"href":"http:\/\/elem-granvelle-besancon.ac-besancon.fr\/index.php?rest_route=\/wp\/v2\/types\/post"}],"author":[{"embeddable":true,"href":"http:\/\/elem-granvelle-besancon.ac-besancon.fr\/index.php?rest_route=\/wp\/v2\/users\/16"}],"replies":[{"embeddable":true,"href":"http:\/\/elem-granvelle-besancon.ac-besancon.fr\/index.php?rest_route=%2Fwp%2Fv2%2Fcomments&post=11055"}],"version-history":[{"count":6,"href":"http:\/\/elem-granvelle-besancon.ac-besancon.fr\/index.php?rest_route=\/wp\/v2\/posts\/11055\/revisions"}],"predecessor-version":[{"id":11066,"href":"http:\/\/elem-granvelle-besancon.ac-besancon.fr\/index.php?rest_route=\/wp\/v2\/posts\/11055\/revisions\/11066"}],"wp:attachment":[{"href":"http:\/\/elem-granvelle-besancon.ac-besancon.fr\/index.php?rest_route=%2Fwp%2Fv2%2Fmedia&parent=11055"}],"wp:term":[{"taxonomy":"category","embeddable":true,"href":"http:\/\/elem-granvelle-besancon.ac-besancon.fr\/index.php?rest_route=%2Fwp%2Fv2%2Fcategories&post=11055"},{"taxonomy":"post_tag","embeddable":true,"href":"http:\/\/elem-granvelle-besancon.ac-besancon.fr\/index.php?rest_route=%2Fwp%2Fv2%2Ftags&post=11055"}],"curies":[{"name":"wp","href":"https:\/\/api.w.org\/{rel}","templated":true}]}}