{"id":11110,"date":"2020-10-13T16:30:56","date_gmt":"2020-10-13T14:30:56","guid":{"rendered":"http:\/\/elem-granvelle-besancon.ac-besancon.fr\/?p=11110"},"modified":"2020-10-11T16:26:07","modified_gmt":"2020-10-11T14:26:07","slug":"ce2-cm1-devoirs-pour-le-jeudi-15-octobre-2020","status":"publish","type":"post","link":"http:\/\/elem-granvelle-besancon.ac-besancon.fr\/?p=11110","title":{"rendered":"CE2 CM1: Devoirs pour le jeudi 15  octobre 2020"},"content":{"rendered":"<p><img loading=\"lazy\" decoding=\"async\" class=\"alignnone wp-image-8770\" src=\"http:\/\/elem-granvelle-besancon.ac-besancon.fr\/wp-content\/uploads\/sites\/15\/2020\/05\/snoopy.gif\" alt=\"\" width=\"142\" height=\"209\" \/><\/p>\n<p><img loading=\"lazy\" decoding=\"async\" class=\"alignnone wp-image-5380\" src=\"http:\/\/elem-granvelle-besancon.ac-besancon.fr\/wp-content\/uploads\/sites\/15\/2020\/04\/ORTHOGRAPHE.jpg\" alt=\"\" width=\"295\" height=\"145\" \/><\/p>\n<p><strong>Dict\u00e9e bilan \u00e0 pr\u00e9parer en dict\u00e9e copie + mots \u00e0 savoir orthographier<\/strong><\/p>\n<p><strong>CE2\u00a0 Fiche F1 semaine 3<\/strong><\/p>\n<p><a href=\"http:\/\/elem-granvelle-besancon.ac-besancon.fr\/wp-content\/uploads\/sites\/15\/2020\/09\/DICTEES-FLASH-F1-CE2-1.pdf\">DICTEES FLASH F1 CE2<\/a><\/p>\n<p><strong><u>CM1 Fiche F2 semaine 3<\/u><\/strong><\/p>\n<p><a href=\"http:\/\/elem-granvelle-besancon.ac-besancon.fr\/wp-content\/uploads\/sites\/15\/2020\/10\/DICTEES-FLASH-F2-CM1.pdf\">DICTEES FLASH F2 CM1<\/a><\/p>\n<p><img loading=\"lazy\" decoding=\"async\" class=\"alignnone wp-image-3920\" src=\"http:\/\/elem-granvelle-besancon.ac-besancon.fr\/wp-content\/uploads\/sites\/15\/2020\/03\/CALCUL-TITRE.jpg\" alt=\"\" width=\"218\" height=\"118\" \/><strong>\u00a0 MEMORISATION<\/strong><\/p>\n<p><strong>Apprendre les tables d\u2019addition de 5, 6 et 7.<\/strong><\/p>\n<p><strong>(classeur 1, 4\u00b0 intercalaire)<\/strong><\/p>\n<p><span style=\"color: #ff0000\"><strong><a style=\"color: #ff0000\" href=\"http:\/\/elem-granvelle-besancon.ac-besancon.fr\/wp-content\/uploads\/sites\/15\/2020\/10\/tables-addition.pdf\">tables addition<\/a><\/strong><\/span><\/p>\n<p><span style=\"color: #993300\"><strong>REVISIONS EN LIGNE:<\/strong><\/span><\/p>\n<p><span style=\"color: #003300\"><strong><a style=\"color: #003300\" href=\"https:\/\/www.logicieleducatif.fr\/math\/calcul\/tablesaddition.php\">https:\/\/www.logicieleducatif.fr\/math\/calcul\/tablesaddition.php<\/a><\/strong><\/span><\/p>\n<p>&nbsp;<\/p>\n<p><img loading=\"lazy\" decoding=\"async\" class=\"alignnone wp-image-11061\" src=\"http:\/\/elem-granvelle-besancon.ac-besancon.fr\/wp-content\/uploads\/sites\/15\/2020\/10\/unnamed.gif\" alt=\"\" width=\"179\" height=\"186\" \/><\/p>\n<p><strong>CLASSEUR 1: Apprendre la le\u00e7on O3:<\/strong><\/p>\n<p><span style=\"color: #ff0000\"><strong>CE2<\/strong><\/span><\/p>\n<p>&nbsp;<\/p>\n<p><span style=\"color: #ff0000\"><strong><a style=\"color: #ff0000\" href=\"http:\/\/elem-granvelle-besancon.ac-besancon.fr\/wp-content\/uploads\/sites\/15\/2020\/10\/ORTHOGRAPHE-O3-CE2.pdf\">ORTHOGRAPHE O3 CE2<\/a><\/strong><\/span><\/p>\n<p>&nbsp;<\/p>\n<p><span style=\"color: #333300\"><strong>CM1<\/strong><\/span><\/p>\n<p><span style=\"color: #000080\"><strong><a style=\"color: #000080\" href=\"http:\/\/elem-granvelle-besancon.ac-besancon.fr\/wp-content\/uploads\/sites\/15\/2020\/10\/ORTHOGRAPHE-O3-CM1.pdf\">ORTHOGRAPHE O3 CM1<\/a><\/strong><\/span><\/p>\n<p>&nbsp;<\/p>\n<p>&nbsp;<\/p>\n<p>&nbsp;<\/p>\n","protected":false},"excerpt":{"rendered":"<p>Dict\u00e9e bilan \u00e0 pr\u00e9parer en dict\u00e9e copie + mots \u00e0 savoir orthographier CE2\u00a0 Fiche F1 semaine 3 DICTEES FLASH F1 CE2 CM1 Fiche F2 semaine 3 DICTEES FLASH F2 CM1 \u00a0 MEMORISATION Apprendre les tables d\u2019addition de 5, 6 et &hellip; <a href=\"http:\/\/elem-granvelle-besancon.ac-besancon.fr\/?p=11110\">Continuer la lecture <span class=\"meta-nav\">&rarr;<\/span><\/a><\/p>\n","protected":false},"author":16,"featured_media":0,"comment_status":"closed","ping_status":"open","sticky":false,"template":"","format":"standard","meta":{"footnotes":""},"categories":[7],"tags":[],"class_list":["post-11110","post","type-post","status-publish","format-standard","hentry","category-classe-cm1"],"_links":{"self":[{"href":"http:\/\/elem-granvelle-besancon.ac-besancon.fr\/index.php?rest_route=\/wp\/v2\/posts\/11110","targetHints":{"allow":["GET"]}}],"collection":[{"href":"http:\/\/elem-granvelle-besancon.ac-besancon.fr\/index.php?rest_route=\/wp\/v2\/posts"}],"about":[{"href":"http:\/\/elem-granvelle-besancon.ac-besancon.fr\/index.php?rest_route=\/wp\/v2\/types\/post"}],"author":[{"embeddable":true,"href":"http:\/\/elem-granvelle-besancon.ac-besancon.fr\/index.php?rest_route=\/wp\/v2\/users\/16"}],"replies":[{"embeddable":true,"href":"http:\/\/elem-granvelle-besancon.ac-besancon.fr\/index.php?rest_route=%2Fwp%2Fv2%2Fcomments&post=11110"}],"version-history":[{"count":4,"href":"http:\/\/elem-granvelle-besancon.ac-besancon.fr\/index.php?rest_route=\/wp\/v2\/posts\/11110\/revisions"}],"predecessor-version":[{"id":11116,"href":"http:\/\/elem-granvelle-besancon.ac-besancon.fr\/index.php?rest_route=\/wp\/v2\/posts\/11110\/revisions\/11116"}],"wp:attachment":[{"href":"http:\/\/elem-granvelle-besancon.ac-besancon.fr\/index.php?rest_route=%2Fwp%2Fv2%2Fmedia&parent=11110"}],"wp:term":[{"taxonomy":"category","embeddable":true,"href":"http:\/\/elem-granvelle-besancon.ac-besancon.fr\/index.php?rest_route=%2Fwp%2Fv2%2Fcategories&post=11110"},{"taxonomy":"post_tag","embeddable":true,"href":"http:\/\/elem-granvelle-besancon.ac-besancon.fr\/index.php?rest_route=%2Fwp%2Fv2%2Ftags&post=11110"}],"curies":[{"name":"wp","href":"https:\/\/api.w.org\/{rel}","templated":true}]}}