{"id":11117,"date":"2020-10-12T15:25:08","date_gmt":"2020-10-12T13:25:08","guid":{"rendered":"http:\/\/elem-granvelle-besancon.ac-besancon.fr\/?p=11117"},"modified":"2020-10-12T15:25:23","modified_gmt":"2020-10-12T13:25:23","slug":"a-p-e-e-g-vente-de-fromages-et-de-saucisses","status":"publish","type":"post","link":"http:\/\/elem-granvelle-besancon.ac-besancon.fr\/?p=11117","title":{"rendered":"A.P.E.E.G.: VENTE DE FROMAGES ET DE SAUCISSES"},"content":{"rendered":"<p style=\"padding-left: 120px\"><strong>Vente de fromages et de saucisses<\/strong><\/p>\n<p><img loading=\"lazy\" decoding=\"async\" class=\"alignnone wp-image-11119 size-full\" src=\"http:\/\/elem-granvelle-besancon.ac-besancon.fr\/wp-content\/uploads\/sites\/15\/2020\/10\/telechargement.jpg\" alt=\"\" width=\"278\" height=\"181\" \/>\u00a0 <img loading=\"lazy\" decoding=\"async\" class=\"alignright wp-image-11120 \" src=\"http:\/\/elem-granvelle-besancon.ac-besancon.fr\/wp-content\/uploads\/sites\/15\/2020\/10\/37310263-150x150.jpg\" alt=\"\" width=\"179\" height=\"180\" \/><br \/>\nLes fonds sont r\u00e9colt\u00e9s en vue de soutenir les projets des \u00e9coles maternelle et \u00e9l\u00e9mentaire Granvelle<br \/>\n<span style=\"color: #000000\"><strong>Fromagerie de Doubs,1 rue de la fruiti\u00e8re 25300 Doubs\u00a0<\/strong><\/span><\/p>\n<p><span style=\"color: #000000\"><strong> \u00a0\u00a0 \u00a0\u00a0 \u00a0\u00a0 \u00a0\u00a0 \u00a0\u00a0 \u00a0\u00a0 \u00a0\u00a0 \u00a0\u00a0 \u00a0\u00a0 \u00a0\u00a0 <a style=\"color: #000000\" href=\"https:\/\/www.comte montdor.fr\/\">https:\/\/www.comte montdor.fr<\/a><\/strong><\/span><\/p>\n<p>Les bons de commande sont \u00e0 retourner <strong>au plus tard le jeudi 5 novembre.<\/strong><br \/>\nLes fromages seront livr\u00e9s \u00e0 l&#8217;\u00e9cole <strong>le vendredi 20 \u00e0 16h30 et \u00e0 18h devant l&#8217;\u00e9cole primaire.<\/strong><br \/>\nMerci de faire parvenir votre r\u00e8glement lors de la commande par ch\u00e8que \u00e0 l&#8217;ordre de l&#8217;APEEG ou en esp\u00e8ces (dans la bo\u00eete aux lettres c\u00f4t\u00e9 primaire \u00e0 gauche du traje ou par l\u2019interm\u00e9diaire des instits).<br \/>\nN&#8217;h\u00e9sitez pas \u00e0 diffuser largement. Merci pour votre aimable participation.<br \/>\n<strong>L&#8217;APEEG<\/strong><\/p>\n<p><span style=\"color: #ff0000\"><strong>Bon de commande \u00e0 t\u00e9l\u00e9charger:<\/strong><\/span><br \/>\n<span style=\"color: #ff0000\"><strong><a style=\"color: #ff0000\" href=\"http:\/\/elem-granvelle-besancon.ac-besancon.fr\/wp-content\/uploads\/sites\/15\/2020\/10\/VENTE-FROMAGES-ET-SAUCISSES-APPEEG.pdf\">VENTE FROMAGES ET SAUCISSES APPEEG<\/a><\/strong><\/span><\/p>\n<p>&nbsp;<\/p>\n","protected":false},"excerpt":{"rendered":"<p>Vente de fromages et de saucisses \u00a0 Les fonds sont r\u00e9colt\u00e9s en vue de soutenir les projets des \u00e9coles maternelle et \u00e9l\u00e9mentaire Granvelle Fromagerie de Doubs,1 rue de la fruiti\u00e8re 25300 Doubs\u00a0 \u00a0\u00a0 \u00a0\u00a0 \u00a0\u00a0 \u00a0\u00a0 \u00a0\u00a0 \u00a0\u00a0 \u00a0\u00a0 \u00a0\u00a0 &hellip; <a href=\"http:\/\/elem-granvelle-besancon.ac-besancon.fr\/?p=11117\">Continuer la lecture <span class=\"meta-nav\">&rarr;<\/span><\/a><\/p>\n","protected":false},"author":16,"featured_media":0,"comment_status":"closed","ping_status":"open","sticky":false,"template":"","format":"standard","meta":{"footnotes":""},"categories":[15,6,7,1,5,2,3,41,16,4],"tags":[],"class_list":["post-11117","post","type-post","status-publish","format-standard","hentry","category-apeeg","category-classe-ce1","category-classe-cm1","category-classe-cm2","category-classe-cp","category-infos-parents","category-les-classes","category-periscolaire","category-representants-des-parents-d-eleves","category-vie-de-l-ecole"],"_links":{"self":[{"href":"http:\/\/elem-granvelle-besancon.ac-besancon.fr\/index.php?rest_route=\/wp\/v2\/posts\/11117","targetHints":{"allow":["GET"]}}],"collection":[{"href":"http:\/\/elem-granvelle-besancon.ac-besancon.fr\/index.php?rest_route=\/wp\/v2\/posts"}],"about":[{"href":"http:\/\/elem-granvelle-besancon.ac-besancon.fr\/index.php?rest_route=\/wp\/v2\/types\/post"}],"author":[{"embeddable":true,"href":"http:\/\/elem-granvelle-besancon.ac-besancon.fr\/index.php?rest_route=\/wp\/v2\/users\/16"}],"replies":[{"embeddable":true,"href":"http:\/\/elem-granvelle-besancon.ac-besancon.fr\/index.php?rest_route=%2Fwp%2Fv2%2Fcomments&post=11117"}],"version-history":[{"count":1,"href":"http:\/\/elem-granvelle-besancon.ac-besancon.fr\/index.php?rest_route=\/wp\/v2\/posts\/11117\/revisions"}],"predecessor-version":[{"id":11121,"href":"http:\/\/elem-granvelle-besancon.ac-besancon.fr\/index.php?rest_route=\/wp\/v2\/posts\/11117\/revisions\/11121"}],"wp:attachment":[{"href":"http:\/\/elem-granvelle-besancon.ac-besancon.fr\/index.php?rest_route=%2Fwp%2Fv2%2Fmedia&parent=11117"}],"wp:term":[{"taxonomy":"category","embeddable":true,"href":"http:\/\/elem-granvelle-besancon.ac-besancon.fr\/index.php?rest_route=%2Fwp%2Fv2%2Fcategories&post=11117"},{"taxonomy":"post_tag","embeddable":true,"href":"http:\/\/elem-granvelle-besancon.ac-besancon.fr\/index.php?rest_route=%2Fwp%2Fv2%2Ftags&post=11117"}],"curies":[{"name":"wp","href":"https:\/\/api.w.org\/{rel}","templated":true}]}}