{"id":11127,"date":"2020-10-31T17:02:50","date_gmt":"2020-10-31T16:02:50","guid":{"rendered":"http:\/\/elem-granvelle-besancon.ac-besancon.fr\/?p=11127"},"modified":"2020-10-31T17:13:11","modified_gmt":"2020-10-31T16:13:11","slug":"rentree-du-lundi-2-novembre-2020-covid-19","status":"publish","type":"post","link":"http:\/\/elem-granvelle-besancon.ac-besancon.fr\/?p=11127","title":{"rendered":"Rentr\u00e9e du lundi 2 novembre 2020 \/ COVID-19"},"content":{"rendered":"<p>Madame, Monsieur,<\/p>\n<p>Voici les derni\u00e8res informations pour la rentr\u00e9e du lundi 2 novembre.<\/p>\n<ol>\n<li><strong>La rentr\u00e9e se fera aux heures normales<\/strong>: 08h05 pour les \u00e9l\u00e8ves de CE2 CM1 CM2 \/ 08h15 pour les \u00e9l\u00e8ves de CP CE1<\/li>\n<li><strong>Protocole sanitaire renforc\u00e9:<\/strong><\/li>\n<\/ol>\n<h1 class=\"title\"><strong>LES GRANDS PRINCIPES<\/strong><\/h1>\n<ul>\n<li><strong>Respect des gestes barri\u00e8re<\/strong><\/li>\n<li><strong>Port du masque pour les adultes et les \u00e9l\u00e8ves d\u00e8s le CP<\/strong><\/li>\n<li><strong>Hygi\u00e8ne des mains<\/strong><\/li>\n<li><strong>Nettoyage et a\u00e9ration des locaux<\/strong><\/li>\n<li><strong>Limitation du brassage<\/strong><\/li>\n<\/ul>\n<p><strong>Les parents d\u2019\u00e9l\u00e8ves jouent un r\u00f4le essentiel<\/strong>. Ils s\u2019engagent \u00e0 ne pas mettre leurs enfants \u00e0 l\u2019\u00e9cole, au coll\u00e8ge ou au lyc\u00e9e en cas de fi\u00e8vre (38 \u00b0C ou plus) ou en cas d\u2019apparition de sympt\u00f4mes \u00e9voquant la Covid-19 chez l\u2019\u00e9l\u00e8ve ou dans sa famille. Les personnels doivent s\u2019appliquer les m\u00eames r\u00e8gles. Les accompagnateurs ainsi que les intervenants ext\u00e9rieurs peuvent entrer dans les b\u00e2timents scolaires apr\u00e8s nettoyage et d\u00e9sinfection des mains. Ils doivent porter un masque.<\/p>\n<p><strong>Le protocole renforc\u00e9 traduit les prescriptions \u00e9mises par les autorit\u00e9s sanitaires pour qu&#8217;elles soient applicables dans le cadre de l\u2019\u00c9cole.<\/strong><\/p>\n<p><a class=\"ctalink\" title=\"Consulter le protocole sanitaire - novembre 2020\" href=\"https:\/\/www.education.gouv.fr\/media\/71258\/download\" target=\"_blank\" rel=\"noopener noreferrer\"><strong>Consulter le protocole sanitaire renforc\u00e9 &#8211; reprise 2 novembre 2020 (mise \u00e0 jour 29 octobre)<\/strong><\/a><\/p>\n<ul>\n<li><strong>3. JUSTIFICATIF DE DEPLACEMENT SCOLAIRE<\/strong><\/li>\n<\/ul>\n<p>Document pr\u00e9rempli, t\u00e9l\u00e9chargeable:<\/p>\n<p><span style=\"color: #ff0000\"><strong><a style=\"color: #ff0000\" href=\"http:\/\/elem-granvelle-besancon.ac-besancon.fr\/wp-content\/uploads\/sites\/15\/2020\/10\/JUSTIFICATIF-DE-DEPLACEMENT-SCOLAIRE-ECOLE-GRANVELLE.pdf\">JUSTIFICATIF DE DEPLACEMENT SCOLAIRE ECOLE GRANVELLE<\/a><\/strong><\/span><\/p>\n<p>&nbsp;<\/p>\n<p>&nbsp;<\/p>\n<ul>\n<li><span style=\"color: #000080\"><strong>4. L&#8217;enseignante des \u00e9l\u00e8ves de CE1 sera absente du lundi 2 au vendredi 13 novembre 2020. Nous serons inform\u00e9s des modalit\u00e9s de remplacement le lundi matin.<\/strong><\/span><\/li>\n<\/ul>\n<p>&nbsp;<\/p>\n<p><img loading=\"lazy\" decoding=\"async\" class=\"alignnone size-full wp-image-2941\" src=\"http:\/\/elem-granvelle-besancon.ac-besancon.fr\/wp-content\/uploads\/sites\/15\/2020\/03\/banniere-site-2.png\" alt=\"\" width=\"680\" height=\"279\" srcset=\"http:\/\/elem-granvelle-besancon.ac-besancon.fr\/wp-content\/uploads\/sites\/15\/2020\/03\/banniere-site-2.png 680w, http:\/\/elem-granvelle-besancon.ac-besancon.fr\/wp-content\/uploads\/sites\/15\/2020\/03\/banniere-site-2-300x123.png 300w, http:\/\/elem-granvelle-besancon.ac-besancon.fr\/wp-content\/uploads\/sites\/15\/2020\/03\/banniere-site-2-500x205.png 500w\" sizes=\"auto, (max-width: 680px) 100vw, 680px\" \/> <img loading=\"lazy\" decoding=\"async\" class=\"alignnone size-large wp-image-11129\" src=\"http:\/\/elem-granvelle-besancon.ac-besancon.fr\/wp-content\/uploads\/sites\/15\/2020\/10\/affiche-ecole-gestes-barrieres-724x1024.jpg\" alt=\"\" width=\"584\" height=\"826\" srcset=\"http:\/\/elem-granvelle-besancon.ac-besancon.fr\/wp-content\/uploads\/sites\/15\/2020\/10\/affiche-ecole-gestes-barrieres-724x1024.jpg 724w, http:\/\/elem-granvelle-besancon.ac-besancon.fr\/wp-content\/uploads\/sites\/15\/2020\/10\/affiche-ecole-gestes-barrieres-212x300.jpg 212w, http:\/\/elem-granvelle-besancon.ac-besancon.fr\/wp-content\/uploads\/sites\/15\/2020\/10\/affiche-ecole-gestes-barrieres-768x1086.jpg 768w, http:\/\/elem-granvelle-besancon.ac-besancon.fr\/wp-content\/uploads\/sites\/15\/2020\/10\/affiche-ecole-gestes-barrieres-1086x1536.jpg 1086w, http:\/\/elem-granvelle-besancon.ac-besancon.fr\/wp-content\/uploads\/sites\/15\/2020\/10\/affiche-ecole-gestes-barrieres-1448x2048.jpg 1448w, http:\/\/elem-granvelle-besancon.ac-besancon.fr\/wp-content\/uploads\/sites\/15\/2020\/10\/affiche-ecole-gestes-barrieres-scaled.jpg 1811w\" sizes=\"auto, (max-width: 584px) 100vw, 584px\" \/><\/p>\n<p>&nbsp;<\/p>\n","protected":false},"excerpt":{"rendered":"<p>Madame, Monsieur, Voici les derni\u00e8res informations pour la rentr\u00e9e du lundi 2 novembre. La rentr\u00e9e se fera aux heures normales: 08h05 pour les \u00e9l\u00e8ves de CE2 CM1 CM2 \/ 08h15 pour les \u00e9l\u00e8ves de CP CE1 Protocole sanitaire renforc\u00e9: LES &hellip; <a href=\"http:\/\/elem-granvelle-besancon.ac-besancon.fr\/?p=11127\">Continuer la lecture <span class=\"meta-nav\">&rarr;<\/span><\/a><\/p>\n","protected":false},"author":16,"featured_media":0,"comment_status":"closed","ping_status":"open","sticky":false,"template":"","format":"standard","meta":{"footnotes":""},"categories":[15,6,7,1,5,2,3,41,16,4],"tags":[],"class_list":["post-11127","post","type-post","status-publish","format-standard","hentry","category-apeeg","category-classe-ce1","category-classe-cm1","category-classe-cm2","category-classe-cp","category-infos-parents","category-les-classes","category-periscolaire","category-representants-des-parents-d-eleves","category-vie-de-l-ecole"],"_links":{"self":[{"href":"http:\/\/elem-granvelle-besancon.ac-besancon.fr\/index.php?rest_route=\/wp\/v2\/posts\/11127","targetHints":{"allow":["GET"]}}],"collection":[{"href":"http:\/\/elem-granvelle-besancon.ac-besancon.fr\/index.php?rest_route=\/wp\/v2\/posts"}],"about":[{"href":"http:\/\/elem-granvelle-besancon.ac-besancon.fr\/index.php?rest_route=\/wp\/v2\/types\/post"}],"author":[{"embeddable":true,"href":"http:\/\/elem-granvelle-besancon.ac-besancon.fr\/index.php?rest_route=\/wp\/v2\/users\/16"}],"replies":[{"embeddable":true,"href":"http:\/\/elem-granvelle-besancon.ac-besancon.fr\/index.php?rest_route=%2Fwp%2Fv2%2Fcomments&post=11127"}],"version-history":[{"count":4,"href":"http:\/\/elem-granvelle-besancon.ac-besancon.fr\/index.php?rest_route=\/wp\/v2\/posts\/11127\/revisions"}],"predecessor-version":[{"id":11133,"href":"http:\/\/elem-granvelle-besancon.ac-besancon.fr\/index.php?rest_route=\/wp\/v2\/posts\/11127\/revisions\/11133"}],"wp:attachment":[{"href":"http:\/\/elem-granvelle-besancon.ac-besancon.fr\/index.php?rest_route=%2Fwp%2Fv2%2Fmedia&parent=11127"}],"wp:term":[{"taxonomy":"category","embeddable":true,"href":"http:\/\/elem-granvelle-besancon.ac-besancon.fr\/index.php?rest_route=%2Fwp%2Fv2%2Fcategories&post=11127"},{"taxonomy":"post_tag","embeddable":true,"href":"http:\/\/elem-granvelle-besancon.ac-besancon.fr\/index.php?rest_route=%2Fwp%2Fv2%2Ftags&post=11127"}],"curies":[{"name":"wp","href":"https:\/\/api.w.org\/{rel}","templated":true}]}}