{"id":11136,"date":"2020-11-03T13:04:50","date_gmt":"2020-11-03T12:04:50","guid":{"rendered":"http:\/\/elem-granvelle-besancon.ac-besancon.fr\/?p=11136"},"modified":"2020-11-03T13:06:29","modified_gmt":"2020-11-03T12:06:29","slug":"ce2-cm1-devoirs-pour-le-jeudi-5-novembre-2020","status":"publish","type":"post","link":"http:\/\/elem-granvelle-besancon.ac-besancon.fr\/?p=11136","title":{"rendered":"CE2 CM1: Devoirs pour le jeudi 5 novembre 2020"},"content":{"rendered":"<p><img loading=\"lazy\" decoding=\"async\" class=\"alignnone wp-image-8770\" src=\"http:\/\/elem-granvelle-besancon.ac-besancon.fr\/wp-content\/uploads\/sites\/15\/2020\/05\/snoopy.gif\" alt=\"\" width=\"142\" height=\"209\" \/><\/p>\n<p><img loading=\"lazy\" decoding=\"async\" class=\"alignnone wp-image-5380\" src=\"http:\/\/elem-granvelle-besancon.ac-besancon.fr\/wp-content\/uploads\/sites\/15\/2020\/04\/ORTHOGRAPHE.jpg\" alt=\"\" width=\"199\" height=\"100\" \/><\/p>\n<p><strong>Dict\u00e9e flash n\u00b01+ mots \u00e0 savoir orthographier<\/strong><\/p>\n<p><strong>CE2\u00a0 Fiche F2 semaine 4<\/strong><\/p>\n<p><a href=\"http:\/\/elem-granvelle-besancon.ac-besancon.fr\/wp-content\/uploads\/sites\/15\/2020\/11\/DICTEES-FLASH-F2-CE2.pdf\">DICTEES FLASH F2 CE2<\/a><\/p>\n<p><strong><u>CM1 Fiche F2 semaine 4<\/u><\/strong><\/p>\n<p><a href=\"http:\/\/elem-granvelle-besancon.ac-besancon.fr\/wp-content\/uploads\/sites\/15\/2020\/10\/DICTEES-FLASH-F2-CM1.pdf\">DICTEES FLASH F2 CM1<\/a><\/p>\n<p><img loading=\"lazy\" decoding=\"async\" class=\"alignnone wp-image-10594\" src=\"http:\/\/elem-granvelle-besancon.ac-besancon.fr\/wp-content\/uploads\/sites\/15\/2020\/06\/ETIQUETTE-lecture-1.jpg\" alt=\"\" width=\"304\" height=\"62\" \/><\/p>\n<p>Sayn\u00e8te: &#8220;Le tailleur fou&#8221;<\/p>\n<p>Pr\u00e9parer la lecture \u00e0 haute voix de l&#8217;un des deux personnages.<\/p>\n<p><strong><a href=\"http:\/\/elem-granvelle-besancon.ac-besancon.fr\/wp-content\/uploads\/sites\/15\/2020\/11\/SASayTail.pdf\">&#8220;Le tailleur fou&#8221;<\/a><\/strong><\/p>\n<p><img loading=\"lazy\" decoding=\"async\" class=\"alignnone size-full wp-image-11140\" src=\"http:\/\/elem-granvelle-besancon.ac-besancon.fr\/wp-content\/uploads\/sites\/15\/2020\/11\/GESTES-BARRIERES-2.jpg\" alt=\"\" width=\"960\" height=\"150\" srcset=\"http:\/\/elem-granvelle-besancon.ac-besancon.fr\/wp-content\/uploads\/sites\/15\/2020\/11\/GESTES-BARRIERES-2.jpg 960w, http:\/\/elem-granvelle-besancon.ac-besancon.fr\/wp-content\/uploads\/sites\/15\/2020\/11\/GESTES-BARRIERES-2-300x47.jpg 300w, http:\/\/elem-granvelle-besancon.ac-besancon.fr\/wp-content\/uploads\/sites\/15\/2020\/11\/GESTES-BARRIERES-2-768x120.jpg 768w, http:\/\/elem-granvelle-besancon.ac-besancon.fr\/wp-content\/uploads\/sites\/15\/2020\/11\/GESTES-BARRIERES-2-500x78.jpg 500w\" sizes=\"auto, (max-width: 960px) 100vw, 960px\" \/><\/p>\n<p>&nbsp;<\/p>\n","protected":false},"excerpt":{"rendered":"<p>Dict\u00e9e flash n\u00b01+ mots \u00e0 savoir orthographier CE2\u00a0 Fiche F2 semaine 4 DICTEES FLASH F2 CE2 CM1 Fiche F2 semaine 4 DICTEES FLASH F2 CM1 Sayn\u00e8te: &#8220;Le tailleur fou&#8221; Pr\u00e9parer la lecture \u00e0 haute voix de l&#8217;un des deux personnages. &hellip; <a href=\"http:\/\/elem-granvelle-besancon.ac-besancon.fr\/?p=11136\">Continuer la lecture <span class=\"meta-nav\">&rarr;<\/span><\/a><\/p>\n","protected":false},"author":16,"featured_media":0,"comment_status":"closed","ping_status":"open","sticky":false,"template":"","format":"standard","meta":{"footnotes":""},"categories":[7],"tags":[],"class_list":["post-11136","post","type-post","status-publish","format-standard","hentry","category-classe-cm1"],"_links":{"self":[{"href":"http:\/\/elem-granvelle-besancon.ac-besancon.fr\/index.php?rest_route=\/wp\/v2\/posts\/11136","targetHints":{"allow":["GET"]}}],"collection":[{"href":"http:\/\/elem-granvelle-besancon.ac-besancon.fr\/index.php?rest_route=\/wp\/v2\/posts"}],"about":[{"href":"http:\/\/elem-granvelle-besancon.ac-besancon.fr\/index.php?rest_route=\/wp\/v2\/types\/post"}],"author":[{"embeddable":true,"href":"http:\/\/elem-granvelle-besancon.ac-besancon.fr\/index.php?rest_route=\/wp\/v2\/users\/16"}],"replies":[{"embeddable":true,"href":"http:\/\/elem-granvelle-besancon.ac-besancon.fr\/index.php?rest_route=%2Fwp%2Fv2%2Fcomments&post=11136"}],"version-history":[{"count":1,"href":"http:\/\/elem-granvelle-besancon.ac-besancon.fr\/index.php?rest_route=\/wp\/v2\/posts\/11136\/revisions"}],"predecessor-version":[{"id":11141,"href":"http:\/\/elem-granvelle-besancon.ac-besancon.fr\/index.php?rest_route=\/wp\/v2\/posts\/11136\/revisions\/11141"}],"wp:attachment":[{"href":"http:\/\/elem-granvelle-besancon.ac-besancon.fr\/index.php?rest_route=%2Fwp%2Fv2%2Fmedia&parent=11136"}],"wp:term":[{"taxonomy":"category","embeddable":true,"href":"http:\/\/elem-granvelle-besancon.ac-besancon.fr\/index.php?rest_route=%2Fwp%2Fv2%2Fcategories&post=11136"},{"taxonomy":"post_tag","embeddable":true,"href":"http:\/\/elem-granvelle-besancon.ac-besancon.fr\/index.php?rest_route=%2Fwp%2Fv2%2Ftags&post=11136"}],"curies":[{"name":"wp","href":"https:\/\/api.w.org\/{rel}","templated":true}]}}