{"id":11142,"date":"2020-11-05T13:06:07","date_gmt":"2020-11-05T12:06:07","guid":{"rendered":"http:\/\/elem-granvelle-besancon.ac-besancon.fr\/?p=11142"},"modified":"2020-11-08T14:24:28","modified_gmt":"2020-11-08T13:24:28","slug":"2-cm1-devoirs-pour-le-vendredi-6-novembre-2020","status":"publish","type":"post","link":"http:\/\/elem-granvelle-besancon.ac-besancon.fr\/?p=11142","title":{"rendered":"CE2 CM1: Devoirs pour le vendredi 6 novembre 2020"},"content":{"rendered":"<p><img loading=\"lazy\" decoding=\"async\" class=\"alignnone wp-image-8770\" src=\"http:\/\/elem-granvelle-besancon.ac-besancon.fr\/wp-content\/uploads\/sites\/15\/2020\/05\/snoopy.gif\" alt=\"\" width=\"142\" height=\"209\" \/><\/p>\n<p><img loading=\"lazy\" decoding=\"async\" class=\"alignnone wp-image-5380\" src=\"http:\/\/elem-granvelle-besancon.ac-besancon.fr\/wp-content\/uploads\/sites\/15\/2020\/04\/ORTHOGRAPHE.jpg\" alt=\"\" width=\"199\" height=\"100\" \/><\/p>\n<p><strong>Dict\u00e9e flash n\u00b02+ mots \u00e0 savoir orthographier<\/strong><\/p>\n<p><strong>CE2\u00a0 Fiche F2 semaine 4<\/strong><\/p>\n<p><a href=\"http:\/\/elem-granvelle-besancon.ac-besancon.fr\/wp-content\/uploads\/sites\/15\/2020\/11\/DICTEES-FLASH-F2-CE2.pdf\">DICTEES FLASH F2 CE2<\/a><\/p>\n<p><strong><u>CM1 Fiche F2 semaine 4<\/u><\/strong><\/p>\n<p><a href=\"http:\/\/elem-granvelle-besancon.ac-besancon.fr\/wp-content\/uploads\/sites\/15\/2020\/10\/DICTEES-FLASH-F2-CM1.pdf\">DICTEES FLASH F2 CM1<\/a><\/p>\n<p><img loading=\"lazy\" decoding=\"async\" class=\"alignnone wp-image-10594\" src=\"http:\/\/elem-granvelle-besancon.ac-besancon.fr\/wp-content\/uploads\/sites\/15\/2020\/06\/ETIQUETTE-lecture-1.jpg\" alt=\"\" width=\"304\" height=\"62\" \/><\/p>\n<p>Sayn\u00e8te: &#8220;Le tailleur fou&#8221;<\/p>\n<p>Pr\u00e9parer la lecture \u00e0 haute voix avec l&#8217;intonation de l&#8217;un des deux personnages.<\/p>\n<p><strong><a href=\"http:\/\/elem-granvelle-besancon.ac-besancon.fr\/wp-content\/uploads\/sites\/15\/2020\/11\/SASayTail.pdf\">&#8220;Le tailleur fou&#8221;<\/a><\/strong><\/p>\n<p><img loading=\"lazy\" decoding=\"async\" class=\"alignnone size-full wp-image-11140\" src=\"http:\/\/elem-granvelle-besancon.ac-besancon.fr\/wp-content\/uploads\/sites\/15\/2020\/11\/GESTES-BARRIERES-2.jpg\" alt=\"\" width=\"960\" height=\"150\" srcset=\"http:\/\/elem-granvelle-besancon.ac-besancon.fr\/wp-content\/uploads\/sites\/15\/2020\/11\/GESTES-BARRIERES-2.jpg 960w, http:\/\/elem-granvelle-besancon.ac-besancon.fr\/wp-content\/uploads\/sites\/15\/2020\/11\/GESTES-BARRIERES-2-300x47.jpg 300w, http:\/\/elem-granvelle-besancon.ac-besancon.fr\/wp-content\/uploads\/sites\/15\/2020\/11\/GESTES-BARRIERES-2-768x120.jpg 768w, http:\/\/elem-granvelle-besancon.ac-besancon.fr\/wp-content\/uploads\/sites\/15\/2020\/11\/GESTES-BARRIERES-2-500x78.jpg 500w\" sizes=\"auto, (max-width: 960px) 100vw, 960px\" \/><\/p>\n<p>&nbsp;<\/p>\n","protected":false},"excerpt":{"rendered":"<p>Dict\u00e9e flash n\u00b02+ mots \u00e0 savoir orthographier CE2\u00a0 Fiche F2 semaine 4 DICTEES FLASH F2 CE2 CM1 Fiche F2 semaine 4 DICTEES FLASH F2 CM1 Sayn\u00e8te: &#8220;Le tailleur fou&#8221; Pr\u00e9parer la lecture \u00e0 haute voix avec l&#8217;intonation de l&#8217;un des &hellip; <a href=\"http:\/\/elem-granvelle-besancon.ac-besancon.fr\/?p=11142\">Continuer la lecture <span class=\"meta-nav\">&rarr;<\/span><\/a><\/p>\n","protected":false},"author":16,"featured_media":0,"comment_status":"closed","ping_status":"open","sticky":false,"template":"","format":"standard","meta":{"footnotes":""},"categories":[7],"tags":[],"class_list":["post-11142","post","type-post","status-publish","format-standard","hentry","category-classe-cm1"],"_links":{"self":[{"href":"http:\/\/elem-granvelle-besancon.ac-besancon.fr\/index.php?rest_route=\/wp\/v2\/posts\/11142","targetHints":{"allow":["GET"]}}],"collection":[{"href":"http:\/\/elem-granvelle-besancon.ac-besancon.fr\/index.php?rest_route=\/wp\/v2\/posts"}],"about":[{"href":"http:\/\/elem-granvelle-besancon.ac-besancon.fr\/index.php?rest_route=\/wp\/v2\/types\/post"}],"author":[{"embeddable":true,"href":"http:\/\/elem-granvelle-besancon.ac-besancon.fr\/index.php?rest_route=\/wp\/v2\/users\/16"}],"replies":[{"embeddable":true,"href":"http:\/\/elem-granvelle-besancon.ac-besancon.fr\/index.php?rest_route=%2Fwp%2Fv2%2Fcomments&post=11142"}],"version-history":[{"count":3,"href":"http:\/\/elem-granvelle-besancon.ac-besancon.fr\/index.php?rest_route=\/wp\/v2\/posts\/11142\/revisions"}],"predecessor-version":[{"id":11146,"href":"http:\/\/elem-granvelle-besancon.ac-besancon.fr\/index.php?rest_route=\/wp\/v2\/posts\/11142\/revisions\/11146"}],"wp:attachment":[{"href":"http:\/\/elem-granvelle-besancon.ac-besancon.fr\/index.php?rest_route=%2Fwp%2Fv2%2Fmedia&parent=11142"}],"wp:term":[{"taxonomy":"category","embeddable":true,"href":"http:\/\/elem-granvelle-besancon.ac-besancon.fr\/index.php?rest_route=%2Fwp%2Fv2%2Fcategories&post=11142"},{"taxonomy":"post_tag","embeddable":true,"href":"http:\/\/elem-granvelle-besancon.ac-besancon.fr\/index.php?rest_route=%2Fwp%2Fv2%2Ftags&post=11142"}],"curies":[{"name":"wp","href":"https:\/\/api.w.org\/{rel}","templated":true}]}}