{"id":11371,"date":"2021-04-26T14:16:02","date_gmt":"2021-04-26T12:16:02","guid":{"rendered":"http:\/\/elem-granvelle-besancon.ac-besancon.fr\/?p=11371"},"modified":"2021-04-26T15:04:45","modified_gmt":"2021-04-26T13:04:45","slug":"conseil-decole-du-29-mars-2021","status":"publish","type":"post","link":"http:\/\/elem-granvelle-besancon.ac-besancon.fr\/?p=11371","title":{"rendered":"CONSEIL D&#8217;ECOLE DU 29 MARS 2021: Cr\u00e9ation d&#8217;une classe ULIS et d&#8217;une cinqui\u00e8me classe \/ Sortie scolaire."},"content":{"rendered":"<p><span style=\"color: #339966\">Bonjour,<\/span><\/p>\n<p><span style=\"color: #339966\">Vous pourrez lire le compte-rendu du conseil d&#8217;\u00e9cole du 29 mars 2021, en cliquant sur le lien ci-dessous:<\/span><\/p>\n<p><em><strong><a href=\"http:\/\/elem-granvelle-besancon.ac-besancon.fr\/wp-content\/uploads\/sites\/15\/2021\/04\/CR-CONSEIL-DECOLE-DU-29-MARS-2021.pdf\">CR CONSEIL D&#8217;\u00c9COLE DU 29 MARS 2021<\/a><\/strong><\/em><\/p>\n<p><span style=\"color: #339966\">Deux\u00a0 informations importantes qui ont \u00e9t\u00e9 \u00e9voqu\u00e9es pendant ce conseil d&#8217;\u00e9cole et qui se sont ensuite confirm\u00e9es:<\/span><\/p>\n<ol>\n<li><span style=\"color: #339966\"><strong>Cr\u00e9ation d&#8217;une classe ULIS et d&#8217;une cinqui\u00e8me classe\u00a0<\/strong> pour la rentr\u00e9e de septembre. L&#8217;\u00e9cole aura 6 classes .<\/span><\/li>\n<li><span style=\"color: #339966\"><strong>Sortie scolaire le lundi 5 juillet 2021<\/strong> \u00e0 l&#8217;exposition <strong>&#8220;Malbuissonart&#8221;<\/strong> pour les 4 classes. <\/span><\/li>\n<\/ol>\n<p><span style=\"color: #339966\">Cliquer sur le lien: <span style=\"color: #800000\"><strong><a style=\"color: #800000\" href=\"http:\/\/elem-granvelle-besancon.ac-besancon.fr\/wp-content\/uploads\/sites\/15\/2021\/04\/MALBUISSONART-Pieces-dete-INFOS-.pdf\">MALBUISSONART Pi\u00e8ces d\u2019\u00e9t\u00e9 INFOS<\/a><\/strong><\/span><\/span><\/p>\n<p><span style=\"color: #339966\">Cordialement.<\/span><\/p>\n<p><span style=\"color: #339966\">le directeur<\/span><\/p>\n<p>&nbsp;<\/p>\n","protected":false},"excerpt":{"rendered":"<p>Bonjour, Vous pourrez lire le compte-rendu du conseil d&#8217;\u00e9cole du 29 mars 2021, en cliquant sur le lien ci-dessous: CR CONSEIL D&#8217;\u00c9COLE DU 29 MARS 2021 Deux\u00a0 informations importantes qui ont \u00e9t\u00e9 \u00e9voqu\u00e9es pendant ce conseil d&#8217;\u00e9cole et qui se &hellip; <a href=\"http:\/\/elem-granvelle-besancon.ac-besancon.fr\/?p=11371\">Continuer la lecture <span class=\"meta-nav\">&rarr;<\/span><\/a><\/p>\n","protected":false},"author":16,"featured_media":0,"comment_status":"closed","ping_status":"open","sticky":false,"template":"","format":"standard","meta":{"footnotes":""},"categories":[15,13,2,3,41,16,4],"tags":[],"class_list":["post-11371","post","type-post","status-publish","format-standard","hentry","category-apeeg","category-conseils-d-ecole","category-infos-parents","category-les-classes","category-periscolaire","category-representants-des-parents-d-eleves","category-vie-de-l-ecole"],"_links":{"self":[{"href":"http:\/\/elem-granvelle-besancon.ac-besancon.fr\/index.php?rest_route=\/wp\/v2\/posts\/11371","targetHints":{"allow":["GET"]}}],"collection":[{"href":"http:\/\/elem-granvelle-besancon.ac-besancon.fr\/index.php?rest_route=\/wp\/v2\/posts"}],"about":[{"href":"http:\/\/elem-granvelle-besancon.ac-besancon.fr\/index.php?rest_route=\/wp\/v2\/types\/post"}],"author":[{"embeddable":true,"href":"http:\/\/elem-granvelle-besancon.ac-besancon.fr\/index.php?rest_route=\/wp\/v2\/users\/16"}],"replies":[{"embeddable":true,"href":"http:\/\/elem-granvelle-besancon.ac-besancon.fr\/index.php?rest_route=%2Fwp%2Fv2%2Fcomments&post=11371"}],"version-history":[{"count":6,"href":"http:\/\/elem-granvelle-besancon.ac-besancon.fr\/index.php?rest_route=\/wp\/v2\/posts\/11371\/revisions"}],"predecessor-version":[{"id":11374,"href":"http:\/\/elem-granvelle-besancon.ac-besancon.fr\/index.php?rest_route=\/wp\/v2\/posts\/11371\/revisions\/11374"}],"wp:attachment":[{"href":"http:\/\/elem-granvelle-besancon.ac-besancon.fr\/index.php?rest_route=%2Fwp%2Fv2%2Fmedia&parent=11371"}],"wp:term":[{"taxonomy":"category","embeddable":true,"href":"http:\/\/elem-granvelle-besancon.ac-besancon.fr\/index.php?rest_route=%2Fwp%2Fv2%2Fcategories&post=11371"},{"taxonomy":"post_tag","embeddable":true,"href":"http:\/\/elem-granvelle-besancon.ac-besancon.fr\/index.php?rest_route=%2Fwp%2Fv2%2Ftags&post=11371"}],"curies":[{"name":"wp","href":"https:\/\/api.w.org\/{rel}","templated":true}]}}