{"id":11563,"date":"2021-09-27T20:19:00","date_gmt":"2021-09-27T18:19:00","guid":{"rendered":"http:\/\/elem-granvelle-besancon.ac-besancon.fr\/?p=11563"},"modified":"2021-12-13T14:16:49","modified_gmt":"2021-12-13T13:16:49","slug":"greve-le-5-octobre","status":"publish","type":"post","link":"http:\/\/elem-granvelle-besancon.ac-besancon.fr\/?p=11563","title":{"rendered":"Gr\u00e8ve le 5 octobre"},"content":{"rendered":"<p>En raison d&#8217;une gr\u00e8ve dans la fonction publique, les \u00e9l\u00e8ves de CE1(Mme INEZARENE) et de CE2 (M. EL HADJ) n&#8217;auront pas cours le mardi 5 octobre. Un service minimum d&#8217;accueil sera mis en place par la mairie.<\/p>\n<p>Merci de votre compr\u00e9hension.<\/p>\n","protected":false},"excerpt":{"rendered":"<p>En raison d&#8217;une gr\u00e8ve dans la fonction publique, les \u00e9l\u00e8ves de CE1(Mme INEZARENE) et de CE2 (M. EL HADJ) n&#8217;auront pas cours le mardi 5 octobre. Un service minimum d&#8217;accueil sera mis en place par la mairie. Merci de votre &hellip; <a href=\"http:\/\/elem-granvelle-besancon.ac-besancon.fr\/?p=11563\">Continuer la lecture <span class=\"meta-nav\">&rarr;<\/span><\/a><\/p>\n","protected":false},"author":16,"featured_media":0,"comment_status":"closed","ping_status":"open","sticky":false,"template":"","format":"standard","meta":{"footnotes":""},"categories":[6,42],"tags":[],"class_list":["post-11563","post","type-post","status-publish","format-standard","hentry","category-classe-ce1","category-classe-ce2"],"_links":{"self":[{"href":"http:\/\/elem-granvelle-besancon.ac-besancon.fr\/index.php?rest_route=\/wp\/v2\/posts\/11563","targetHints":{"allow":["GET"]}}],"collection":[{"href":"http:\/\/elem-granvelle-besancon.ac-besancon.fr\/index.php?rest_route=\/wp\/v2\/posts"}],"about":[{"href":"http:\/\/elem-granvelle-besancon.ac-besancon.fr\/index.php?rest_route=\/wp\/v2\/types\/post"}],"author":[{"embeddable":true,"href":"http:\/\/elem-granvelle-besancon.ac-besancon.fr\/index.php?rest_route=\/wp\/v2\/users\/16"}],"replies":[{"embeddable":true,"href":"http:\/\/elem-granvelle-besancon.ac-besancon.fr\/index.php?rest_route=%2Fwp%2Fv2%2Fcomments&post=11563"}],"version-history":[{"count":1,"href":"http:\/\/elem-granvelle-besancon.ac-besancon.fr\/index.php?rest_route=\/wp\/v2\/posts\/11563\/revisions"}],"predecessor-version":[{"id":11564,"href":"http:\/\/elem-granvelle-besancon.ac-besancon.fr\/index.php?rest_route=\/wp\/v2\/posts\/11563\/revisions\/11564"}],"wp:attachment":[{"href":"http:\/\/elem-granvelle-besancon.ac-besancon.fr\/index.php?rest_route=%2Fwp%2Fv2%2Fmedia&parent=11563"}],"wp:term":[{"taxonomy":"category","embeddable":true,"href":"http:\/\/elem-granvelle-besancon.ac-besancon.fr\/index.php?rest_route=%2Fwp%2Fv2%2Fcategories&post=11563"},{"taxonomy":"post_tag","embeddable":true,"href":"http:\/\/elem-granvelle-besancon.ac-besancon.fr\/index.php?rest_route=%2Fwp%2Fv2%2Ftags&post=11563"}],"curies":[{"name":"wp","href":"https:\/\/api.w.org\/{rel}","templated":true}]}}