{"id":11577,"date":"2021-10-11T11:41:42","date_gmt":"2021-10-11T09:41:42","guid":{"rendered":"http:\/\/elem-granvelle-besancon.ac-besancon.fr\/?p=11577"},"modified":"2021-10-11T11:41:42","modified_gmt":"2021-10-11T09:41:42","slug":"resultats-des-elections","status":"publish","type":"post","link":"http:\/\/elem-granvelle-besancon.ac-besancon.fr\/?p=11577","title":{"rendered":"R\u00e9sultats des \u00e9lections."},"content":{"rendered":"<p>Les \u00e9lections de repr\u00e9sentants de parents d\u2019\u00e9l\u00e8ves ont eu lieu le 8 octobre uniquement par correspondance. Sans surprise, la seule liste pr\u00e9sent\u00e9e a \u00e9t\u00e9 \u00e9lue \u00e0 cette \u00e9lection de repr\u00e9sentants de parents d&#8217;\u00e9l\u00e8ves ! Cette ann\u00e9e, la participation est rest\u00e9e stable\u00a0 avec un taux de participation proche de 40%.<\/p>\n<p>Voici les r\u00e9sultats. Pour rappel, vous pouvez faire part aux parents \u00e9lus d\u2019\u00e9ventuelles questions qui seront pos\u00e9es au prochain conseil d\u2019\u00e9cole, le vendredi 12 novembre.<\/p>\n<p align=\"center\"><span style=\"color: #000000\"><span style=\"font-family: Helvetica Neue, serif\"><span style=\"font-size: medium\"><b>Liste ind\u00e9pendante<\/b><\/span><\/span><\/span><\/p>\n<ul>\n<li>\n<p align=\"left\"><span style=\"color: #000000\"><span style=\"font-family: Helvetica Neue, serif\"><span style=\"font-size: small\"><span style=\"font-size: medium\"><span lang=\"fr-FR\">Mme Julie VIEILLE<\/span><\/span><span lang=\"fr-FR\"> (CP)<\/span><\/span><\/span><\/span><\/p>\n<\/li>\n<li>\n<p align=\"left\"><span style=\"color: #000000\"><span style=\"font-family: Helvetica Neue, serif\"><span style=\"font-size: small\"><span style=\"font-size: medium\"><span lang=\"fr-FR\">Mme Fr\u00e9d\u00e9rique ROY <\/span><\/span><span lang=\"fr-FR\">(CE1)<\/span><\/span><\/span><\/span><\/p>\n<\/li>\n<li>\n<p align=\"left\"><span style=\"color: #000000\"><span style=\"font-family: Helvetica Neue, serif\"><span style=\"font-size: small\"><span style=\"font-size: medium\"><span lang=\"fr-FR\">Mme Carole PERNOT <\/span><\/span><span lang=\"fr-FR\">(CE2)<\/span><\/span><\/span><\/span><\/p>\n<\/li>\n<li>\n<p align=\"left\"><span style=\"color: #000000\"><span style=\"font-family: Helvetica Neue, serif\"><span style=\"font-size: small\"><span style=\"font-size: medium\"><span lang=\"fr-FR\">Mme Wacilah VAN DE KRAATS <\/span><\/span><span lang=\"fr-FR\">(CE2-CM1)<\/span><\/span><\/span><\/span><\/p>\n<\/li>\n<\/ul>\n<ul>\n<li>\n<p align=\"left\"><span style=\"color: #000000\"><span style=\"font-family: Helvetica Neue, serif\"><span style=\"font-size: small\"><span style=\"font-size: medium\"><span lang=\"fr-FR\">Mme \u00c9glantine ROBERT (<\/span><\/span><span lang=\"fr-FR\">Cm2<\/span><span style=\"font-size: medium\"><span lang=\"fr-FR\">)<\/span><\/span><\/span><\/span><\/span><\/p>\n<\/li>\n<li>\n<p align=\"left\"><span style=\"color: #000000\"><span style=\"font-family: Helvetica Neue, serif\"><span style=\"font-size: small\"><span style=\"font-size: medium\"><span lang=\"fr-FR\">Mme Christine SOMMER <\/span><\/span><span lang=\"fr-FR\">(suppl\u00e9ante )<\/span><\/span><\/span><\/span><\/p>\n<\/li>\n<\/ul>\n<ul>\n<li>\n<p align=\"left\"><span style=\"color: #000000\"><span style=\"font-family: Helvetica Neue, serif\"><span style=\"font-size: small\"><span style=\"font-size: medium\"><span lang=\"fr-FR\">Mme Fabienne LE MOING <\/span><\/span><span lang=\"fr-FR\">(suppl\u00e9ante)<\/span><\/span><\/span><\/span><\/p>\n<\/li>\n<li>\n<p align=\"left\"><span style=\"color: #000000\"><span style=\"font-family: Helvetica Neue, serif\"><span style=\"font-size: small\"><span lang=\"fr-FR\"><span style=\"font-size: medium\">Mme Melha ATMIMOU<\/span><\/span><span lang=\"fr-FR\"> (suppl\u00e9ante)<\/span><\/span><\/span><\/span><\/p>\n<\/li>\n<li>\n<p align=\"left\"><span style=\"color: #000000\"><span style=\"font-family: Helvetica Neue, serif\"><span style=\"font-size: small\"><span lang=\"fr-FR\"><span style=\"font-size: medium\">Mme Fanchon BOURASSET <\/span><\/span><span lang=\"fr-FR\">(suppl\u00e9ante)<\/span><\/span><\/span><\/span><\/p>\n<\/li>\n<li>\n<p align=\"left\"><span style=\"color: #000000\"><span style=\"font-family: Helvetica Neue, serif\"><span style=\"font-size: small\"><span lang=\"fr-FR\"><span style=\"font-size: medium\">M. Iannis MISCHI <\/span><\/span><span lang=\"fr-FR\">(suppl\u00e9ant)<\/span><\/span><\/span><\/span><\/p>\n<\/li>\n<\/ul>\n<p><a href=\"http:\/\/elem-granvelle-besancon.ac-besancon.fr\/wp-content\/uploads\/sites\/15\/2021\/10\/PV_Elections_Parents_0251609N_2021-2022-2.pdf\">Proc\u00e8s verbal\u00a0<\/a><\/p>\n","protected":false},"excerpt":{"rendered":"<p>Les \u00e9lections de repr\u00e9sentants de parents d\u2019\u00e9l\u00e8ves ont eu lieu le 8 octobre uniquement par correspondance. Sans surprise, la seule liste pr\u00e9sent\u00e9e a \u00e9t\u00e9 \u00e9lue \u00e0 cette \u00e9lection de repr\u00e9sentants de parents d&#8217;\u00e9l\u00e8ves ! Cette ann\u00e9e, la participation est rest\u00e9e &hellip; <a href=\"http:\/\/elem-granvelle-besancon.ac-besancon.fr\/?p=11577\">Continuer la lecture <span class=\"meta-nav\">&rarr;<\/span><\/a><\/p>\n","protected":false},"author":16,"featured_media":0,"comment_status":"closed","ping_status":"open","sticky":false,"template":"","format":"standard","meta":{"footnotes":""},"categories":[2],"tags":[],"class_list":["post-11577","post","type-post","status-publish","format-standard","hentry","category-infos-parents"],"_links":{"self":[{"href":"http:\/\/elem-granvelle-besancon.ac-besancon.fr\/index.php?rest_route=\/wp\/v2\/posts\/11577","targetHints":{"allow":["GET"]}}],"collection":[{"href":"http:\/\/elem-granvelle-besancon.ac-besancon.fr\/index.php?rest_route=\/wp\/v2\/posts"}],"about":[{"href":"http:\/\/elem-granvelle-besancon.ac-besancon.fr\/index.php?rest_route=\/wp\/v2\/types\/post"}],"author":[{"embeddable":true,"href":"http:\/\/elem-granvelle-besancon.ac-besancon.fr\/index.php?rest_route=\/wp\/v2\/users\/16"}],"replies":[{"embeddable":true,"href":"http:\/\/elem-granvelle-besancon.ac-besancon.fr\/index.php?rest_route=%2Fwp%2Fv2%2Fcomments&post=11577"}],"version-history":[{"count":2,"href":"http:\/\/elem-granvelle-besancon.ac-besancon.fr\/index.php?rest_route=\/wp\/v2\/posts\/11577\/revisions"}],"predecessor-version":[{"id":11601,"href":"http:\/\/elem-granvelle-besancon.ac-besancon.fr\/index.php?rest_route=\/wp\/v2\/posts\/11577\/revisions\/11601"}],"wp:attachment":[{"href":"http:\/\/elem-granvelle-besancon.ac-besancon.fr\/index.php?rest_route=%2Fwp%2Fv2%2Fmedia&parent=11577"}],"wp:term":[{"taxonomy":"category","embeddable":true,"href":"http:\/\/elem-granvelle-besancon.ac-besancon.fr\/index.php?rest_route=%2Fwp%2Fv2%2Fcategories&post=11577"},{"taxonomy":"post_tag","embeddable":true,"href":"http:\/\/elem-granvelle-besancon.ac-besancon.fr\/index.php?rest_route=%2Fwp%2Fv2%2Ftags&post=11577"}],"curies":[{"name":"wp","href":"https:\/\/api.w.org\/{rel}","templated":true}]}}