{"id":11606,"date":"2026-04-27T08:32:05","date_gmt":"2026-04-27T06:32:05","guid":{"rendered":"http:\/\/elem-granvelle-besancon.ac-besancon.fr\/?p=11606"},"modified":"2026-04-27T14:27:47","modified_gmt":"2026-04-27T12:27:47","slug":"des-poux-a-lecole","status":"publish","type":"post","link":"http:\/\/elem-granvelle-besancon.ac-besancon.fr\/?p=11606","title":{"rendered":"Des poux \u00e0 l&#8217;\u00e9cole"},"content":{"rendered":"<p>Depuis la rentr\u00e9e du 20 avril, plusieurs \u00e9l\u00e8ves, de diff\u00e9rentes classes ont \u00e9t\u00e9 confront\u00e9s \u00e0 une infestation de poux.<\/p>\n<p>Afin d&#8217;\u00e9radiquer ces parasites, nous vous demandons de v\u00e9rifier la t\u00eate de votre enfant et de traiter si n\u00e9cessaire.<u>\u00a0<\/u><strong><u>Il est primordial que chaque famille concern\u00e9e fasse les soins<\/u><\/strong>. Sans cela,\u00a0 il sera impossible de s\u2019en d\u00e9barrasser.<\/p>\n<p>Bon courage et merci d&#8217;avance pour votre collaboration.<\/p>\n<p style=\"color: #333333;font-style: normal\"><img loading=\"lazy\" decoding=\"async\" class=\"aligncenter size-medium wp-image-11179\" src=\"http:\/\/elem-granvelle-besancon.ac-besancon.fr\/wp-content\/uploads\/sites\/15\/2021\/01\/affiche-poux-dessin-275x300.jpg\" alt=\"\" width=\"275\" height=\"300\" srcset=\"http:\/\/elem-granvelle-besancon.ac-besancon.fr\/wp-content\/uploads\/sites\/15\/2021\/01\/affiche-poux-dessin-275x300.jpg 275w, http:\/\/elem-granvelle-besancon.ac-besancon.fr\/wp-content\/uploads\/sites\/15\/2021\/01\/affiche-poux-dessin.jpg 293w\" sizes=\"auto, (max-width: 275px) 100vw, 275px\" \/><\/p>\n<p>&nbsp;<\/p>\n","protected":false},"excerpt":{"rendered":"<p>Depuis la rentr\u00e9e du 20 avril, plusieurs \u00e9l\u00e8ves, de diff\u00e9rentes classes ont \u00e9t\u00e9 confront\u00e9s \u00e0 une infestation de poux. Afin d&#8217;\u00e9radiquer ces parasites, nous vous demandons de v\u00e9rifier la t\u00eate de votre enfant et de traiter si n\u00e9cessaire.\u00a0Il est primordial &hellip; <a href=\"http:\/\/elem-granvelle-besancon.ac-besancon.fr\/?p=11606\">Continuer la lecture <span class=\"meta-nav\">&rarr;<\/span><\/a><\/p>\n","protected":false},"author":16,"featured_media":0,"comment_status":"closed","ping_status":"open","sticky":false,"template":"","format":"standard","meta":{"footnotes":""},"categories":[2],"tags":[],"class_list":["post-11606","post","type-post","status-publish","format-standard","hentry","category-infos-parents"],"_links":{"self":[{"href":"http:\/\/elem-granvelle-besancon.ac-besancon.fr\/index.php?rest_route=\/wp\/v2\/posts\/11606","targetHints":{"allow":["GET"]}}],"collection":[{"href":"http:\/\/elem-granvelle-besancon.ac-besancon.fr\/index.php?rest_route=\/wp\/v2\/posts"}],"about":[{"href":"http:\/\/elem-granvelle-besancon.ac-besancon.fr\/index.php?rest_route=\/wp\/v2\/types\/post"}],"author":[{"embeddable":true,"href":"http:\/\/elem-granvelle-besancon.ac-besancon.fr\/index.php?rest_route=\/wp\/v2\/users\/16"}],"replies":[{"embeddable":true,"href":"http:\/\/elem-granvelle-besancon.ac-besancon.fr\/index.php?rest_route=%2Fwp%2Fv2%2Fcomments&post=11606"}],"version-history":[{"count":11,"href":"http:\/\/elem-granvelle-besancon.ac-besancon.fr\/index.php?rest_route=\/wp\/v2\/posts\/11606\/revisions"}],"predecessor-version":[{"id":16597,"href":"http:\/\/elem-granvelle-besancon.ac-besancon.fr\/index.php?rest_route=\/wp\/v2\/posts\/11606\/revisions\/16597"}],"wp:attachment":[{"href":"http:\/\/elem-granvelle-besancon.ac-besancon.fr\/index.php?rest_route=%2Fwp%2Fv2%2Fmedia&parent=11606"}],"wp:term":[{"taxonomy":"category","embeddable":true,"href":"http:\/\/elem-granvelle-besancon.ac-besancon.fr\/index.php?rest_route=%2Fwp%2Fv2%2Fcategories&post=11606"},{"taxonomy":"post_tag","embeddable":true,"href":"http:\/\/elem-granvelle-besancon.ac-besancon.fr\/index.php?rest_route=%2Fwp%2Fv2%2Ftags&post=11606"}],"curies":[{"name":"wp","href":"https:\/\/api.w.org\/{rel}","templated":true}]}}