{"id":11612,"date":"2021-10-18T15:31:11","date_gmt":"2021-10-18T13:31:11","guid":{"rendered":"http:\/\/elem-granvelle-besancon.ac-besancon.fr\/?p=11612"},"modified":"2021-10-18T15:32:19","modified_gmt":"2021-10-18T13:32:19","slug":"fete-dhalloween","status":"publish","type":"post","link":"http:\/\/elem-granvelle-besancon.ac-besancon.fr\/?p=11612","title":{"rendered":"F\u00eate d&#8217;Halloween"},"content":{"rendered":"<p>L&#8217;association des Parents d&#8217;\u00e9l\u00e8ves de l&#8217;\u00e9cole Granvelle (APEEG) organise ce vendredi 22 octobre, \u00e0 partir de 18h, une f\u00eate autour du th\u00e8me d&#8217;Halloween. Les enfants pourront venir d\u00e9guis\u00e9s et participer \u00e0 la chorale.<\/p>\n<p>Le Port du masque sera obligatoire ainsi que le Pass sanitaire pour les plus de 12 ans.<\/p>\n<p>Les enfants seront sous la responsabilit\u00e9 de leurs parents.<\/p>\n<p><a href=\"http:\/\/http:\/\/elem-granvelle-besancon.ac-besancon.fr\/wp-content\/uploads\/sites\/15\/2021\/10\/affiche-fete-Halloween.pdf\"><img loading=\"lazy\" decoding=\"async\" class=\"aligncenter wp-image-11614 size-medium\" src=\"http:\/\/elem-granvelle-besancon.ac-besancon.fr\/wp-content\/uploads\/sites\/15\/2021\/10\/Affiche-fete-Halloween-215x300.jpg\" alt=\"\" width=\"215\" height=\"300\" srcset=\"http:\/\/elem-granvelle-besancon.ac-besancon.fr\/wp-content\/uploads\/sites\/15\/2021\/10\/Affiche-fete-Halloween-215x300.jpg 215w, http:\/\/elem-granvelle-besancon.ac-besancon.fr\/wp-content\/uploads\/sites\/15\/2021\/10\/Affiche-fete-Halloween-600x839.jpg 600w, http:\/\/elem-granvelle-besancon.ac-besancon.fr\/wp-content\/uploads\/sites\/15\/2021\/10\/Affiche-fete-Halloween.jpg 633w\" sizes=\"auto, (max-width: 215px) 100vw, 215px\" \/><\/a><\/p>\n<p>&nbsp;<\/p>\n","protected":false},"excerpt":{"rendered":"<p>L&#8217;association des Parents d&#8217;\u00e9l\u00e8ves de l&#8217;\u00e9cole Granvelle (APEEG) organise ce vendredi 22 octobre, \u00e0 partir de 18h, une f\u00eate autour du th\u00e8me d&#8217;Halloween. Les enfants pourront venir d\u00e9guis\u00e9s et participer \u00e0 la chorale. Le Port du masque sera obligatoire ainsi &hellip; <a href=\"http:\/\/elem-granvelle-besancon.ac-besancon.fr\/?p=11612\">Continuer la lecture <span class=\"meta-nav\">&rarr;<\/span><\/a><\/p>\n","protected":false},"author":16,"featured_media":0,"comment_status":"closed","ping_status":"open","sticky":false,"template":"","format":"standard","meta":{"footnotes":""},"categories":[15,2],"tags":[],"class_list":["post-11612","post","type-post","status-publish","format-standard","hentry","category-apeeg","category-infos-parents"],"_links":{"self":[{"href":"http:\/\/elem-granvelle-besancon.ac-besancon.fr\/index.php?rest_route=\/wp\/v2\/posts\/11612","targetHints":{"allow":["GET"]}}],"collection":[{"href":"http:\/\/elem-granvelle-besancon.ac-besancon.fr\/index.php?rest_route=\/wp\/v2\/posts"}],"about":[{"href":"http:\/\/elem-granvelle-besancon.ac-besancon.fr\/index.php?rest_route=\/wp\/v2\/types\/post"}],"author":[{"embeddable":true,"href":"http:\/\/elem-granvelle-besancon.ac-besancon.fr\/index.php?rest_route=\/wp\/v2\/users\/16"}],"replies":[{"embeddable":true,"href":"http:\/\/elem-granvelle-besancon.ac-besancon.fr\/index.php?rest_route=%2Fwp%2Fv2%2Fcomments&post=11612"}],"version-history":[{"count":1,"href":"http:\/\/elem-granvelle-besancon.ac-besancon.fr\/index.php?rest_route=\/wp\/v2\/posts\/11612\/revisions"}],"predecessor-version":[{"id":11615,"href":"http:\/\/elem-granvelle-besancon.ac-besancon.fr\/index.php?rest_route=\/wp\/v2\/posts\/11612\/revisions\/11615"}],"wp:attachment":[{"href":"http:\/\/elem-granvelle-besancon.ac-besancon.fr\/index.php?rest_route=%2Fwp%2Fv2%2Fmedia&parent=11612"}],"wp:term":[{"taxonomy":"category","embeddable":true,"href":"http:\/\/elem-granvelle-besancon.ac-besancon.fr\/index.php?rest_route=%2Fwp%2Fv2%2Fcategories&post=11612"},{"taxonomy":"post_tag","embeddable":true,"href":"http:\/\/elem-granvelle-besancon.ac-besancon.fr\/index.php?rest_route=%2Fwp%2Fv2%2Ftags&post=11612"}],"curies":[{"name":"wp","href":"https:\/\/api.w.org\/{rel}","templated":true}]}}