{"id":12945,"date":"2023-01-26T15:28:22","date_gmt":"2023-01-26T14:28:22","guid":{"rendered":"http:\/\/elem-granvelle-besancon.ac-besancon.fr\/?p=12945"},"modified":"2023-01-26T16:21:29","modified_gmt":"2023-01-26T15:21:29","slug":"carnaval","status":"publish","type":"post","link":"http:\/\/elem-granvelle-besancon.ac-besancon.fr\/?p=12945","title":{"rendered":"Carnaval"},"content":{"rendered":"<p>Mardi 21 f\u00e9vrier, c&#8217;est mardi&#8230; Gras ! C&#8217;est donc la semaine des d\u00e9guisements en tous genres et des beignets \u00e0 d\u00e9guster avec gourmandise.<\/p>\n<p>\u00c0 l&#8217;\u00e9cole, nous organiserons un carnaval vendredi 24 f\u00e9vrier l&#8217;apr\u00e8s-midi. Pour les \u00e9l\u00e8ves (tr\u00e8s nombreux) qui vont \u00e0 la cantine, il faudra apporter le d\u00e9guisement dans un sac pour se changer pendant la pause m\u00e9ridienne.<\/p>\n<p>Pour parfaire ce moment, nous vous proposons d&#8217;apporter des beignets que nous partagerons pour un go\u00fbter d\u00e9guis\u00e9. Vous pourrez les d\u00e9poser \u00e0 partir du jeudi matin.<\/p>\n<p>Merci de votre participation !<img loading=\"lazy\" decoding=\"async\" class=\"aligncenter size-full wp-image-12946\" src=\"http:\/\/elem-granvelle-besancon.ac-besancon.fr\/wp-content\/uploads\/sites\/15\/2022\/02\/Carnaval-Pixabay.jpg\" alt=\"\" width=\"960\" height=\"640\" srcset=\"http:\/\/elem-granvelle-besancon.ac-besancon.fr\/wp-content\/uploads\/sites\/15\/2022\/02\/Carnaval-Pixabay.jpg 960w, http:\/\/elem-granvelle-besancon.ac-besancon.fr\/wp-content\/uploads\/sites\/15\/2022\/02\/Carnaval-Pixabay-300x200.jpg 300w, http:\/\/elem-granvelle-besancon.ac-besancon.fr\/wp-content\/uploads\/sites\/15\/2022\/02\/Carnaval-Pixabay-768x512.jpg 768w, http:\/\/elem-granvelle-besancon.ac-besancon.fr\/wp-content\/uploads\/sites\/15\/2022\/02\/Carnaval-Pixabay-600x400.jpg 600w, http:\/\/elem-granvelle-besancon.ac-besancon.fr\/wp-content\/uploads\/sites\/15\/2022\/02\/Carnaval-Pixabay-450x300.jpg 450w\" sizes=\"auto, (max-width: 960px) 100vw, 960px\" \/><\/p>\n","protected":false},"excerpt":{"rendered":"<p>Mardi 21 f\u00e9vrier, c&#8217;est mardi&#8230; Gras ! C&#8217;est donc la semaine des d\u00e9guisements en tous genres et des beignets \u00e0 d\u00e9guster avec gourmandise. \u00c0 l&#8217;\u00e9cole, nous organiserons un carnaval vendredi 24 f\u00e9vrier l&#8217;apr\u00e8s-midi. Pour les \u00e9l\u00e8ves (tr\u00e8s nombreux) qui vont &hellip; <a href=\"http:\/\/elem-granvelle-besancon.ac-besancon.fr\/?p=12945\">Continuer la lecture <span class=\"meta-nav\">&rarr;<\/span><\/a><\/p>\n","protected":false},"author":16,"featured_media":0,"comment_status":"closed","ping_status":"open","sticky":false,"template":"","format":"standard","meta":{"footnotes":""},"categories":[2,3],"tags":[],"class_list":["post-12945","post","type-post","status-publish","format-standard","hentry","category-infos-parents","category-les-classes"],"_links":{"self":[{"href":"http:\/\/elem-granvelle-besancon.ac-besancon.fr\/index.php?rest_route=\/wp\/v2\/posts\/12945","targetHints":{"allow":["GET"]}}],"collection":[{"href":"http:\/\/elem-granvelle-besancon.ac-besancon.fr\/index.php?rest_route=\/wp\/v2\/posts"}],"about":[{"href":"http:\/\/elem-granvelle-besancon.ac-besancon.fr\/index.php?rest_route=\/wp\/v2\/types\/post"}],"author":[{"embeddable":true,"href":"http:\/\/elem-granvelle-besancon.ac-besancon.fr\/index.php?rest_route=\/wp\/v2\/users\/16"}],"replies":[{"embeddable":true,"href":"http:\/\/elem-granvelle-besancon.ac-besancon.fr\/index.php?rest_route=%2Fwp%2Fv2%2Fcomments&post=12945"}],"version-history":[{"count":3,"href":"http:\/\/elem-granvelle-besancon.ac-besancon.fr\/index.php?rest_route=\/wp\/v2\/posts\/12945\/revisions"}],"predecessor-version":[{"id":13487,"href":"http:\/\/elem-granvelle-besancon.ac-besancon.fr\/index.php?rest_route=\/wp\/v2\/posts\/12945\/revisions\/13487"}],"wp:attachment":[{"href":"http:\/\/elem-granvelle-besancon.ac-besancon.fr\/index.php?rest_route=%2Fwp%2Fv2%2Fmedia&parent=12945"}],"wp:term":[{"taxonomy":"category","embeddable":true,"href":"http:\/\/elem-granvelle-besancon.ac-besancon.fr\/index.php?rest_route=%2Fwp%2Fv2%2Fcategories&post=12945"},{"taxonomy":"post_tag","embeddable":true,"href":"http:\/\/elem-granvelle-besancon.ac-besancon.fr\/index.php?rest_route=%2Fwp%2Fv2%2Ftags&post=12945"}],"curies":[{"name":"wp","href":"https:\/\/api.w.org\/{rel}","templated":true}]}}