{"id":13049,"date":"2022-03-14T14:54:26","date_gmt":"2022-03-14T13:54:26","guid":{"rendered":"http:\/\/elem-granvelle-besancon.ac-besancon.fr\/?p=13049"},"modified":"2022-03-14T14:54:26","modified_gmt":"2022-03-14T13:54:26","slug":"menus-cantine","status":"publish","type":"post","link":"http:\/\/elem-granvelle-besancon.ac-besancon.fr\/?p=13049","title":{"rendered":"Menus cantine"},"content":{"rendered":"<p>Il n&#8217;est pas toujours simple de trouver les menus sur le site de la mairie. Voici donc <a href=\"https:\/\/www.grandbesancon.fr\/infos-pratiques\/enfance-ecoles\/periscolaire\/\">le lien direct<\/a>.<\/p>\n<p>En cas d&#8217;allergie, de probl\u00e8me li\u00e9 \u00e0 l&#8217;alimentation, vous pouvez \u00e9galement demander \u00e0 les recevoir par mail en faisant la demande \u00e0 Mme Salima BLANCHE : <a title=\"Composer un message \u00e0 salima.blanche@besancon.fr\" rel=\"nofollow noopener noreferrer\">salima.blanche@besancon.fr<\/a><\/p>\n<p><a href=\"https:\/\/www.grandbesancon.fr\/wp-content\/uploads\/sites\/2\/2022\/02\/Liaison-chaude-menu-MARS-2022-web.pdf\"><img loading=\"lazy\" decoding=\"async\" class=\"aligncenter wp-image-13050 size-large\" src=\"http:\/\/elem-granvelle-besancon.ac-besancon.fr\/wp-content\/uploads\/sites\/15\/2022\/03\/menus-fevrier-mars-1024x640.jpg\" alt=\"\" width=\"584\" height=\"365\" srcset=\"http:\/\/elem-granvelle-besancon.ac-besancon.fr\/wp-content\/uploads\/sites\/15\/2022\/03\/menus-fevrier-mars-1024x640.jpg 1024w, http:\/\/elem-granvelle-besancon.ac-besancon.fr\/wp-content\/uploads\/sites\/15\/2022\/03\/menus-fevrier-mars-300x187.jpg 300w, http:\/\/elem-granvelle-besancon.ac-besancon.fr\/wp-content\/uploads\/sites\/15\/2022\/03\/menus-fevrier-mars-768x480.jpg 768w, http:\/\/elem-granvelle-besancon.ac-besancon.fr\/wp-content\/uploads\/sites\/15\/2022\/03\/menus-fevrier-mars-600x375.jpg 600w, http:\/\/elem-granvelle-besancon.ac-besancon.fr\/wp-content\/uploads\/sites\/15\/2022\/03\/menus-fevrier-mars-480x300.jpg 480w, http:\/\/elem-granvelle-besancon.ac-besancon.fr\/wp-content\/uploads\/sites\/15\/2022\/03\/menus-fevrier-mars.jpg 1401w\" sizes=\"auto, (max-width: 584px) 100vw, 584px\" \/><\/a><\/p>\n<p>&nbsp;<\/p>\n","protected":false},"excerpt":{"rendered":"<p>Il n&#8217;est pas toujours simple de trouver les menus sur le site de la mairie. Voici donc le lien direct. En cas d&#8217;allergie, de probl\u00e8me li\u00e9 \u00e0 l&#8217;alimentation, vous pouvez \u00e9galement demander \u00e0 les recevoir par mail en faisant la &hellip; <a href=\"http:\/\/elem-granvelle-besancon.ac-besancon.fr\/?p=13049\">Continuer la lecture <span class=\"meta-nav\">&rarr;<\/span><\/a><\/p>\n","protected":false},"author":16,"featured_media":0,"comment_status":"closed","ping_status":"open","sticky":false,"template":"","format":"standard","meta":{"footnotes":""},"categories":[2],"tags":[],"class_list":["post-13049","post","type-post","status-publish","format-standard","hentry","category-infos-parents"],"_links":{"self":[{"href":"http:\/\/elem-granvelle-besancon.ac-besancon.fr\/index.php?rest_route=\/wp\/v2\/posts\/13049","targetHints":{"allow":["GET"]}}],"collection":[{"href":"http:\/\/elem-granvelle-besancon.ac-besancon.fr\/index.php?rest_route=\/wp\/v2\/posts"}],"about":[{"href":"http:\/\/elem-granvelle-besancon.ac-besancon.fr\/index.php?rest_route=\/wp\/v2\/types\/post"}],"author":[{"embeddable":true,"href":"http:\/\/elem-granvelle-besancon.ac-besancon.fr\/index.php?rest_route=\/wp\/v2\/users\/16"}],"replies":[{"embeddable":true,"href":"http:\/\/elem-granvelle-besancon.ac-besancon.fr\/index.php?rest_route=%2Fwp%2Fv2%2Fcomments&post=13049"}],"version-history":[{"count":1,"href":"http:\/\/elem-granvelle-besancon.ac-besancon.fr\/index.php?rest_route=\/wp\/v2\/posts\/13049\/revisions"}],"predecessor-version":[{"id":13051,"href":"http:\/\/elem-granvelle-besancon.ac-besancon.fr\/index.php?rest_route=\/wp\/v2\/posts\/13049\/revisions\/13051"}],"wp:attachment":[{"href":"http:\/\/elem-granvelle-besancon.ac-besancon.fr\/index.php?rest_route=%2Fwp%2Fv2%2Fmedia&parent=13049"}],"wp:term":[{"taxonomy":"category","embeddable":true,"href":"http:\/\/elem-granvelle-besancon.ac-besancon.fr\/index.php?rest_route=%2Fwp%2Fv2%2Fcategories&post=13049"},{"taxonomy":"post_tag","embeddable":true,"href":"http:\/\/elem-granvelle-besancon.ac-besancon.fr\/index.php?rest_route=%2Fwp%2Fv2%2Ftags&post=13049"}],"curies":[{"name":"wp","href":"https:\/\/api.w.org\/{rel}","templated":true}]}}