{"id":13054,"date":"2022-03-14T15:03:18","date_gmt":"2022-03-14T14:03:18","guid":{"rendered":"http:\/\/elem-granvelle-besancon.ac-besancon.fr\/?p=13054"},"modified":"2022-03-14T15:03:36","modified_gmt":"2022-03-14T14:03:36","slug":"absence-mme-inezarene","status":"publish","type":"post","link":"http:\/\/elem-granvelle-besancon.ac-besancon.fr\/?p=13054","title":{"rendered":"Absence Mme INEZARENE"},"content":{"rendered":"<p>Mme INEZARENE sera absence le mardi 15 mars le matin, mais ne sera pas remplac\u00e9e. Les \u00e9l\u00e8ves qui ne pourront \u00eatre gard\u00e9s seront r\u00e9partis dans les autres classes.<img loading=\"lazy\" decoding=\"async\" class=\"aligncenter size-full wp-image-11996\" src=\"http:\/\/elem-granvelle-besancon.ac-besancon.fr\/wp-content\/uploads\/sites\/15\/2021\/12\/absence.jpg\" alt=\"\" width=\"289\" height=\"225\" \/><\/p>\n","protected":false},"excerpt":{"rendered":"<p>Mme INEZARENE sera absence le mardi 15 mars le matin, mais ne sera pas remplac\u00e9e. Les \u00e9l\u00e8ves qui ne pourront \u00eatre gard\u00e9s seront r\u00e9partis dans les autres classes.<\/p>\n","protected":false},"author":16,"featured_media":0,"comment_status":"closed","ping_status":"open","sticky":false,"template":"","format":"standard","meta":{"footnotes":""},"categories":[6],"tags":[],"class_list":["post-13054","post","type-post","status-publish","format-standard","hentry","category-classe-ce1"],"_links":{"self":[{"href":"http:\/\/elem-granvelle-besancon.ac-besancon.fr\/index.php?rest_route=\/wp\/v2\/posts\/13054","targetHints":{"allow":["GET"]}}],"collection":[{"href":"http:\/\/elem-granvelle-besancon.ac-besancon.fr\/index.php?rest_route=\/wp\/v2\/posts"}],"about":[{"href":"http:\/\/elem-granvelle-besancon.ac-besancon.fr\/index.php?rest_route=\/wp\/v2\/types\/post"}],"author":[{"embeddable":true,"href":"http:\/\/elem-granvelle-besancon.ac-besancon.fr\/index.php?rest_route=\/wp\/v2\/users\/16"}],"replies":[{"embeddable":true,"href":"http:\/\/elem-granvelle-besancon.ac-besancon.fr\/index.php?rest_route=%2Fwp%2Fv2%2Fcomments&post=13054"}],"version-history":[{"count":1,"href":"http:\/\/elem-granvelle-besancon.ac-besancon.fr\/index.php?rest_route=\/wp\/v2\/posts\/13054\/revisions"}],"predecessor-version":[{"id":13055,"href":"http:\/\/elem-granvelle-besancon.ac-besancon.fr\/index.php?rest_route=\/wp\/v2\/posts\/13054\/revisions\/13055"}],"wp:attachment":[{"href":"http:\/\/elem-granvelle-besancon.ac-besancon.fr\/index.php?rest_route=%2Fwp%2Fv2%2Fmedia&parent=13054"}],"wp:term":[{"taxonomy":"category","embeddable":true,"href":"http:\/\/elem-granvelle-besancon.ac-besancon.fr\/index.php?rest_route=%2Fwp%2Fv2%2Fcategories&post=13054"},{"taxonomy":"post_tag","embeddable":true,"href":"http:\/\/elem-granvelle-besancon.ac-besancon.fr\/index.php?rest_route=%2Fwp%2Fv2%2Ftags&post=13054"}],"curies":[{"name":"wp","href":"https:\/\/api.w.org\/{rel}","templated":true}]}}