{"id":13057,"date":"2022-03-21T15:16:49","date_gmt":"2022-03-21T14:16:49","guid":{"rendered":"http:\/\/elem-granvelle-besancon.ac-besancon.fr\/?p=13057"},"modified":"2022-03-21T15:16:49","modified_gmt":"2022-03-21T14:16:49","slug":"compte-rendu-du-deuxieme-conseil-decole","status":"publish","type":"post","link":"http:\/\/elem-granvelle-besancon.ac-besancon.fr\/?p=13057","title":{"rendered":"Compte rendu du deuxi\u00e8me conseil d&#8217;\u00e9cole"},"content":{"rendered":"<p>Cliquez sur l&#8217;image pour t\u00e9l\u00e9charger le compte rendu du conseil d&#8217;\u00e9cole.<\/p>\n<p><a href=\"http:\/\/elem-granvelle-besancon.ac-besancon.fr\/wp-content\/uploads\/sites\/15\/2022\/03\/COMPTE-RENDU-CONSEIL-DECOLE-DU-11-MARS-2022.pdf\">COMPTE RENDU CONSEIL D&#8217;\u00c9COLE DU 11 MARS 2022<\/a> <a href=\"http:\/\/elem-granvelle-besancon.ac-besancon.fr\/wp-content\/uploads\/sites\/15\/2022\/03\/COMPTE-RENDU-CONSEIL-DECOLE-DU-11-MARS-2022.pdf\"><img loading=\"lazy\" decoding=\"async\" class=\"aligncenter wp-image-13059 size-large\" src=\"http:\/\/elem-granvelle-besancon.ac-besancon.fr\/wp-content\/uploads\/sites\/15\/2022\/03\/conseil-decole-11-mars-730x1024.jpg\" alt=\"\" width=\"584\" height=\"819\" srcset=\"http:\/\/elem-granvelle-besancon.ac-besancon.fr\/wp-content\/uploads\/sites\/15\/2022\/03\/conseil-decole-11-mars-730x1024.jpg 730w, http:\/\/elem-granvelle-besancon.ac-besancon.fr\/wp-content\/uploads\/sites\/15\/2022\/03\/conseil-decole-11-mars-214x300.jpg 214w, http:\/\/elem-granvelle-besancon.ac-besancon.fr\/wp-content\/uploads\/sites\/15\/2022\/03\/conseil-decole-11-mars-600x841.jpg 600w, http:\/\/elem-granvelle-besancon.ac-besancon.fr\/wp-content\/uploads\/sites\/15\/2022\/03\/conseil-decole-11-mars.jpg 751w\" sizes=\"auto, (max-width: 584px) 100vw, 584px\" \/><\/a><\/p>\n","protected":false},"excerpt":{"rendered":"<p>Cliquez sur l&#8217;image pour t\u00e9l\u00e9charger le compte rendu du conseil d&#8217;\u00e9cole. COMPTE RENDU CONSEIL D&#8217;\u00c9COLE DU 11 MARS 2022<\/p>\n","protected":false},"author":16,"featured_media":0,"comment_status":"closed","ping_status":"open","sticky":false,"template":"","format":"standard","meta":{"footnotes":""},"categories":[2,3],"tags":[],"class_list":["post-13057","post","type-post","status-publish","format-standard","hentry","category-infos-parents","category-les-classes"],"_links":{"self":[{"href":"http:\/\/elem-granvelle-besancon.ac-besancon.fr\/index.php?rest_route=\/wp\/v2\/posts\/13057","targetHints":{"allow":["GET"]}}],"collection":[{"href":"http:\/\/elem-granvelle-besancon.ac-besancon.fr\/index.php?rest_route=\/wp\/v2\/posts"}],"about":[{"href":"http:\/\/elem-granvelle-besancon.ac-besancon.fr\/index.php?rest_route=\/wp\/v2\/types\/post"}],"author":[{"embeddable":true,"href":"http:\/\/elem-granvelle-besancon.ac-besancon.fr\/index.php?rest_route=\/wp\/v2\/users\/16"}],"replies":[{"embeddable":true,"href":"http:\/\/elem-granvelle-besancon.ac-besancon.fr\/index.php?rest_route=%2Fwp%2Fv2%2Fcomments&post=13057"}],"version-history":[{"count":1,"href":"http:\/\/elem-granvelle-besancon.ac-besancon.fr\/index.php?rest_route=\/wp\/v2\/posts\/13057\/revisions"}],"predecessor-version":[{"id":13060,"href":"http:\/\/elem-granvelle-besancon.ac-besancon.fr\/index.php?rest_route=\/wp\/v2\/posts\/13057\/revisions\/13060"}],"wp:attachment":[{"href":"http:\/\/elem-granvelle-besancon.ac-besancon.fr\/index.php?rest_route=%2Fwp%2Fv2%2Fmedia&parent=13057"}],"wp:term":[{"taxonomy":"category","embeddable":true,"href":"http:\/\/elem-granvelle-besancon.ac-besancon.fr\/index.php?rest_route=%2Fwp%2Fv2%2Fcategories&post=13057"},{"taxonomy":"post_tag","embeddable":true,"href":"http:\/\/elem-granvelle-besancon.ac-besancon.fr\/index.php?rest_route=%2Fwp%2Fv2%2Ftags&post=13057"}],"curies":[{"name":"wp","href":"https:\/\/api.w.org\/{rel}","templated":true}]}}