{"id":13107,"date":"2022-05-02T15:52:53","date_gmt":"2022-05-02T13:52:53","guid":{"rendered":"http:\/\/elem-granvelle-besancon.ac-besancon.fr\/?p=13107"},"modified":"2022-05-02T15:52:53","modified_gmt":"2022-05-02T13:52:53","slug":"inscriptions-au-periscolaire","status":"publish","type":"post","link":"http:\/\/elem-granvelle-besancon.ac-besancon.fr\/?p=13107","title":{"rendered":"Inscriptions au p\u00e9riscolaire"},"content":{"rendered":"<h2>J\u2019inscris mon enfant aux accueils p\u00e9riscolaires \u00e0 Besan\u00e7on pour l\u2019ann\u00e9e 2022\/2023<\/h2>\n<p>Votre enfant fr\u00e9quente ou va fr\u00e9quenter un accueil p\u00e9riscolaire<\/p>\n<ul>\n<li>Accueil du matin<\/li>\n<li>Accueil du midi (avec restauration scolaire)<\/li>\n<li>Accueil de l\u2019apr\u00e8s-midi<\/li>\n<li>Navette inter-\u00e9cole (<a href=\"https:\/\/www.espace-citoyens.net\/besancon\/espace-citoyens\/Activites\/IndexInfosPratiques?idActivite=6\" target=\"_blank\" rel=\"noopener\">horaires des navettes<\/a>)<\/li>\n<\/ul>\n<h4>Les inscriptions aux accueils p\u00e9riscolaires se d\u00e9rouleront du 11 avril au 3 juin 2022<\/h4>\n<p>\u00c0 Besan\u00e7on, la pr\u00e9-inscription peut se faire en ligne gr\u00e2ce au portail Famille :<\/p>\n<p><a href=\"https:\/\/www.grandbesancon.fr\/infos-pratiques\/enfance-ecoles\/periscolaire\/\">Aller sur le site\u00a0<\/a><\/p>\n<p><a href=\"https:\/\/www.grandbesancon.fr\/infos-pratiques\/enfance-ecoles\/periscolaire\/\"><img loading=\"lazy\" decoding=\"async\" class=\"aligncenter wp-image-13108 size-large\" src=\"http:\/\/elem-granvelle-besancon.ac-besancon.fr\/wp-content\/uploads\/sites\/15\/2022\/05\/besancon-accueil-1024x357.jpg\" alt=\"\" width=\"584\" height=\"204\" srcset=\"http:\/\/elem-granvelle-besancon.ac-besancon.fr\/wp-content\/uploads\/sites\/15\/2022\/05\/besancon-accueil-1024x357.jpg 1024w, http:\/\/elem-granvelle-besancon.ac-besancon.fr\/wp-content\/uploads\/sites\/15\/2022\/05\/besancon-accueil-300x105.jpg 300w, http:\/\/elem-granvelle-besancon.ac-besancon.fr\/wp-content\/uploads\/sites\/15\/2022\/05\/besancon-accueil-768x268.jpg 768w, http:\/\/elem-granvelle-besancon.ac-besancon.fr\/wp-content\/uploads\/sites\/15\/2022\/05\/besancon-accueil-600x209.jpg 600w, http:\/\/elem-granvelle-besancon.ac-besancon.fr\/wp-content\/uploads\/sites\/15\/2022\/05\/besancon-accueil-1536x536.jpg 1536w, http:\/\/elem-granvelle-besancon.ac-besancon.fr\/wp-content\/uploads\/sites\/15\/2022\/05\/besancon-accueil-500x174.jpg 500w, http:\/\/elem-granvelle-besancon.ac-besancon.fr\/wp-content\/uploads\/sites\/15\/2022\/05\/besancon-accueil.jpg 1890w\" sizes=\"auto, (max-width: 584px) 100vw, 584px\" \/><\/a><\/p>\n","protected":false},"excerpt":{"rendered":"<p>J\u2019inscris mon enfant aux accueils p\u00e9riscolaires \u00e0 Besan\u00e7on pour l\u2019ann\u00e9e 2022\/2023 Votre enfant fr\u00e9quente ou va fr\u00e9quenter un accueil p\u00e9riscolaire Accueil du matin Accueil du midi (avec restauration scolaire) Accueil de l\u2019apr\u00e8s-midi Navette inter-\u00e9cole (horaires des navettes) Les inscriptions aux &hellip; <a href=\"http:\/\/elem-granvelle-besancon.ac-besancon.fr\/?p=13107\">Continuer la lecture <span class=\"meta-nav\">&rarr;<\/span><\/a><\/p>\n","protected":false},"author":16,"featured_media":0,"comment_status":"closed","ping_status":"open","sticky":false,"template":"","format":"standard","meta":{"footnotes":""},"categories":[2,3],"tags":[],"class_list":["post-13107","post","type-post","status-publish","format-standard","hentry","category-infos-parents","category-les-classes"],"_links":{"self":[{"href":"http:\/\/elem-granvelle-besancon.ac-besancon.fr\/index.php?rest_route=\/wp\/v2\/posts\/13107","targetHints":{"allow":["GET"]}}],"collection":[{"href":"http:\/\/elem-granvelle-besancon.ac-besancon.fr\/index.php?rest_route=\/wp\/v2\/posts"}],"about":[{"href":"http:\/\/elem-granvelle-besancon.ac-besancon.fr\/index.php?rest_route=\/wp\/v2\/types\/post"}],"author":[{"embeddable":true,"href":"http:\/\/elem-granvelle-besancon.ac-besancon.fr\/index.php?rest_route=\/wp\/v2\/users\/16"}],"replies":[{"embeddable":true,"href":"http:\/\/elem-granvelle-besancon.ac-besancon.fr\/index.php?rest_route=%2Fwp%2Fv2%2Fcomments&post=13107"}],"version-history":[{"count":2,"href":"http:\/\/elem-granvelle-besancon.ac-besancon.fr\/index.php?rest_route=\/wp\/v2\/posts\/13107\/revisions"}],"predecessor-version":[{"id":13110,"href":"http:\/\/elem-granvelle-besancon.ac-besancon.fr\/index.php?rest_route=\/wp\/v2\/posts\/13107\/revisions\/13110"}],"wp:attachment":[{"href":"http:\/\/elem-granvelle-besancon.ac-besancon.fr\/index.php?rest_route=%2Fwp%2Fv2%2Fmedia&parent=13107"}],"wp:term":[{"taxonomy":"category","embeddable":true,"href":"http:\/\/elem-granvelle-besancon.ac-besancon.fr\/index.php?rest_route=%2Fwp%2Fv2%2Fcategories&post=13107"},{"taxonomy":"post_tag","embeddable":true,"href":"http:\/\/elem-granvelle-besancon.ac-besancon.fr\/index.php?rest_route=%2Fwp%2Fv2%2Ftags&post=13107"}],"curies":[{"name":"wp","href":"https:\/\/api.w.org\/{rel}","templated":true}]}}