{"id":13113,"date":"2022-05-09T15:02:26","date_gmt":"2022-05-09T13:02:26","guid":{"rendered":"http:\/\/elem-granvelle-besancon.ac-besancon.fr\/?p=13113"},"modified":"2022-05-09T15:02:26","modified_gmt":"2022-05-09T13:02:26","slug":"photos-de-classes-on-remet-ca","status":"publish","type":"post","link":"http:\/\/elem-granvelle-besancon.ac-besancon.fr\/?p=13113","title":{"rendered":"Photos de classes : on remet \u00e7a !"},"content":{"rendered":"<p>Suite \u00e0 un probl\u00e8me soulev\u00e9 par de nombreux \u00e9l\u00e8ves, les photos de classes seront refaites le mardi 17 mai dans la matin\u00e9e. Cela permettra \u00e9galement aux enfants absents d&#8217;avoir une deuxi\u00e8me chance de se faire tirer le portrait.<\/p>\n","protected":false},"excerpt":{"rendered":"<p>Suite \u00e0 un probl\u00e8me soulev\u00e9 par de nombreux \u00e9l\u00e8ves, les photos de classes seront refaites le mardi 17 mai dans la matin\u00e9e. Cela permettra \u00e9galement aux enfants absents d&#8217;avoir une deuxi\u00e8me chance de se faire tirer le portrait.<\/p>\n","protected":false},"author":16,"featured_media":0,"comment_status":"closed","ping_status":"open","sticky":false,"template":"","format":"standard","meta":{"footnotes":""},"categories":[3,4],"tags":[],"class_list":["post-13113","post","type-post","status-publish","format-standard","hentry","category-les-classes","category-vie-de-l-ecole"],"_links":{"self":[{"href":"http:\/\/elem-granvelle-besancon.ac-besancon.fr\/index.php?rest_route=\/wp\/v2\/posts\/13113","targetHints":{"allow":["GET"]}}],"collection":[{"href":"http:\/\/elem-granvelle-besancon.ac-besancon.fr\/index.php?rest_route=\/wp\/v2\/posts"}],"about":[{"href":"http:\/\/elem-granvelle-besancon.ac-besancon.fr\/index.php?rest_route=\/wp\/v2\/types\/post"}],"author":[{"embeddable":true,"href":"http:\/\/elem-granvelle-besancon.ac-besancon.fr\/index.php?rest_route=\/wp\/v2\/users\/16"}],"replies":[{"embeddable":true,"href":"http:\/\/elem-granvelle-besancon.ac-besancon.fr\/index.php?rest_route=%2Fwp%2Fv2%2Fcomments&post=13113"}],"version-history":[{"count":2,"href":"http:\/\/elem-granvelle-besancon.ac-besancon.fr\/index.php?rest_route=\/wp\/v2\/posts\/13113\/revisions"}],"predecessor-version":[{"id":13115,"href":"http:\/\/elem-granvelle-besancon.ac-besancon.fr\/index.php?rest_route=\/wp\/v2\/posts\/13113\/revisions\/13115"}],"wp:attachment":[{"href":"http:\/\/elem-granvelle-besancon.ac-besancon.fr\/index.php?rest_route=%2Fwp%2Fv2%2Fmedia&parent=13113"}],"wp:term":[{"taxonomy":"category","embeddable":true,"href":"http:\/\/elem-granvelle-besancon.ac-besancon.fr\/index.php?rest_route=%2Fwp%2Fv2%2Fcategories&post=13113"},{"taxonomy":"post_tag","embeddable":true,"href":"http:\/\/elem-granvelle-besancon.ac-besancon.fr\/index.php?rest_route=%2Fwp%2Fv2%2Ftags&post=13113"}],"curies":[{"name":"wp","href":"https:\/\/api.w.org\/{rel}","templated":true}]}}