{"id":13155,"date":"2025-06-10T09:43:09","date_gmt":"2025-06-10T07:43:09","guid":{"rendered":"http:\/\/elem-granvelle-besancon.ac-besancon.fr\/?p=13155"},"modified":"2025-06-10T09:44:08","modified_gmt":"2025-06-10T07:44:08","slug":"courrier-de-linspecteur-dacademie","status":"publish","type":"post","link":"http:\/\/elem-granvelle-besancon.ac-besancon.fr\/?p=13155","title":{"rendered":"Respect des dates de vacances"},"content":{"rendered":"<p>Vous trouverez en pi\u00e8ce jointe un courrier de l&#8217;Inspecteur d&#8217;Acad\u00e9mie destin\u00e9 aux parents d&#8217;\u00e9l\u00e8ves qui demanderaient un d\u00e9part anticip\u00e9 de leur enfant pour les vacances.<\/p>\n<p>Vous en souhaitant bonne r\u00e9ception.<\/p>\n<p><a href=\"http:\/\/elem-granvelle-besancon.ac-besancon.fr\/wp-content\/uploads\/sites\/15\/2023\/05\/Courrier-IA-DASEN-respect-dates-vacances-ete.pdf\">Courrier IA-DASEN respect dates vacances \u00e9t\u00e9<\/a> <a href=\"http:\/\/elem-granvelle-besancon.ac-besancon.fr\/wp-content\/uploads\/sites\/15\/2023\/05\/Courrier-IA-DASEN-respect-dates-vacances-ete.pdf\"><img loading=\"lazy\" decoding=\"async\" class=\"aligncenter wp-image-16265 size-full\" src=\"http:\/\/elem-granvelle-besancon.ac-besancon.fr\/wp-content\/uploads\/sites\/15\/2023\/05\/courrier-Inspecteur-dacademie-25.png\" alt=\"\" width=\"673\" height=\"947\" srcset=\"http:\/\/elem-granvelle-besancon.ac-besancon.fr\/wp-content\/uploads\/sites\/15\/2023\/05\/courrier-Inspecteur-dacademie-25.png 673w, http:\/\/elem-granvelle-besancon.ac-besancon.fr\/wp-content\/uploads\/sites\/15\/2023\/05\/courrier-Inspecteur-dacademie-25-213x300.png 213w, http:\/\/elem-granvelle-besancon.ac-besancon.fr\/wp-content\/uploads\/sites\/15\/2023\/05\/courrier-Inspecteur-dacademie-25-600x844.png 600w\" sizes=\"auto, (max-width: 673px) 100vw, 673px\" \/><\/a><\/p>\n<p>&nbsp;<\/p>\n","protected":false},"excerpt":{"rendered":"<p>Vous trouverez en pi\u00e8ce jointe un courrier de l&#8217;Inspecteur d&#8217;Acad\u00e9mie destin\u00e9 aux parents d&#8217;\u00e9l\u00e8ves qui demanderaient un d\u00e9part anticip\u00e9 de leur enfant pour les vacances. Vous en souhaitant bonne r\u00e9ception. Courrier IA-DASEN respect dates vacances \u00e9t\u00e9 &nbsp;<\/p>\n","protected":false},"author":16,"featured_media":0,"comment_status":"closed","ping_status":"open","sticky":false,"template":"","format":"standard","meta":{"footnotes":""},"categories":[2,3],"tags":[],"class_list":["post-13155","post","type-post","status-publish","format-standard","hentry","category-infos-parents","category-les-classes"],"_links":{"self":[{"href":"http:\/\/elem-granvelle-besancon.ac-besancon.fr\/index.php?rest_route=\/wp\/v2\/posts\/13155","targetHints":{"allow":["GET"]}}],"collection":[{"href":"http:\/\/elem-granvelle-besancon.ac-besancon.fr\/index.php?rest_route=\/wp\/v2\/posts"}],"about":[{"href":"http:\/\/elem-granvelle-besancon.ac-besancon.fr\/index.php?rest_route=\/wp\/v2\/types\/post"}],"author":[{"embeddable":true,"href":"http:\/\/elem-granvelle-besancon.ac-besancon.fr\/index.php?rest_route=\/wp\/v2\/users\/16"}],"replies":[{"embeddable":true,"href":"http:\/\/elem-granvelle-besancon.ac-besancon.fr\/index.php?rest_route=%2Fwp%2Fv2%2Fcomments&post=13155"}],"version-history":[{"count":5,"href":"http:\/\/elem-granvelle-besancon.ac-besancon.fr\/index.php?rest_route=\/wp\/v2\/posts\/13155\/revisions"}],"predecessor-version":[{"id":16267,"href":"http:\/\/elem-granvelle-besancon.ac-besancon.fr\/index.php?rest_route=\/wp\/v2\/posts\/13155\/revisions\/16267"}],"wp:attachment":[{"href":"http:\/\/elem-granvelle-besancon.ac-besancon.fr\/index.php?rest_route=%2Fwp%2Fv2%2Fmedia&parent=13155"}],"wp:term":[{"taxonomy":"category","embeddable":true,"href":"http:\/\/elem-granvelle-besancon.ac-besancon.fr\/index.php?rest_route=%2Fwp%2Fv2%2Fcategories&post=13155"},{"taxonomy":"post_tag","embeddable":true,"href":"http:\/\/elem-granvelle-besancon.ac-besancon.fr\/index.php?rest_route=%2Fwp%2Fv2%2Ftags&post=13155"}],"curies":[{"name":"wp","href":"https:\/\/api.w.org\/{rel}","templated":true}]}}