{"id":13164,"date":"2022-06-13T09:44:56","date_gmt":"2022-06-13T07:44:56","guid":{"rendered":"http:\/\/elem-granvelle-besancon.ac-besancon.fr\/?p=13164"},"modified":"2022-06-13T09:44:56","modified_gmt":"2022-06-13T07:44:56","slug":"chorale-pour-la-fete-de-la-musique","status":"publish","type":"post","link":"http:\/\/elem-granvelle-besancon.ac-besancon.fr\/?p=13164","title":{"rendered":"Chorale pour la f\u00eate de la musique"},"content":{"rendered":"<p>Comme chaque ann\u00e9e, les \u00e9l\u00e8ves de Granvelle seront en repr\u00e9sentation pour la f\u00eate de la musique le 21 juin \u00e0 partir de 18h sur le parvis de l&#8217;\u00e9cole.<\/p>\n<p>Nous vous esp\u00e9rons nombreux pour c\u00e9l\u00e9brer ce premier jour de l&#8217;\u00e9t\u00e9 et la presque fin de cette ann\u00e9e scolaire.<\/p>\n<p>&nbsp;<\/p>\n","protected":false},"excerpt":{"rendered":"<p>Comme chaque ann\u00e9e, les \u00e9l\u00e8ves de Granvelle seront en repr\u00e9sentation pour la f\u00eate de la musique le 21 juin \u00e0 partir de 18h sur le parvis de l&#8217;\u00e9cole. Nous vous esp\u00e9rons nombreux pour c\u00e9l\u00e9brer ce premier jour de l&#8217;\u00e9t\u00e9 et &hellip; <a href=\"http:\/\/elem-granvelle-besancon.ac-besancon.fr\/?p=13164\">Continuer la lecture <span class=\"meta-nav\">&rarr;<\/span><\/a><\/p>\n","protected":false},"author":16,"featured_media":0,"comment_status":"closed","ping_status":"open","sticky":false,"template":"","format":"standard","meta":{"footnotes":""},"categories":[2,3],"tags":[],"class_list":["post-13164","post","type-post","status-publish","format-standard","hentry","category-infos-parents","category-les-classes"],"_links":{"self":[{"href":"http:\/\/elem-granvelle-besancon.ac-besancon.fr\/index.php?rest_route=\/wp\/v2\/posts\/13164","targetHints":{"allow":["GET"]}}],"collection":[{"href":"http:\/\/elem-granvelle-besancon.ac-besancon.fr\/index.php?rest_route=\/wp\/v2\/posts"}],"about":[{"href":"http:\/\/elem-granvelle-besancon.ac-besancon.fr\/index.php?rest_route=\/wp\/v2\/types\/post"}],"author":[{"embeddable":true,"href":"http:\/\/elem-granvelle-besancon.ac-besancon.fr\/index.php?rest_route=\/wp\/v2\/users\/16"}],"replies":[{"embeddable":true,"href":"http:\/\/elem-granvelle-besancon.ac-besancon.fr\/index.php?rest_route=%2Fwp%2Fv2%2Fcomments&post=13164"}],"version-history":[{"count":2,"href":"http:\/\/elem-granvelle-besancon.ac-besancon.fr\/index.php?rest_route=\/wp\/v2\/posts\/13164\/revisions"}],"predecessor-version":[{"id":13166,"href":"http:\/\/elem-granvelle-besancon.ac-besancon.fr\/index.php?rest_route=\/wp\/v2\/posts\/13164\/revisions\/13166"}],"wp:attachment":[{"href":"http:\/\/elem-granvelle-besancon.ac-besancon.fr\/index.php?rest_route=%2Fwp%2Fv2%2Fmedia&parent=13164"}],"wp:term":[{"taxonomy":"category","embeddable":true,"href":"http:\/\/elem-granvelle-besancon.ac-besancon.fr\/index.php?rest_route=%2Fwp%2Fv2%2Fcategories&post=13164"},{"taxonomy":"post_tag","embeddable":true,"href":"http:\/\/elem-granvelle-besancon.ac-besancon.fr\/index.php?rest_route=%2Fwp%2Fv2%2Ftags&post=13164"}],"curies":[{"name":"wp","href":"https:\/\/api.w.org\/{rel}","templated":true}]}}