{"id":13169,"date":"2022-06-13T09:53:17","date_gmt":"2022-06-13T07:53:17","guid":{"rendered":"http:\/\/elem-granvelle-besancon.ac-besancon.fr\/?p=13169"},"modified":"2022-06-13T09:59:19","modified_gmt":"2022-06-13T07:59:19","slug":"3eme-conseil-decole","status":"publish","type":"post","link":"http:\/\/elem-granvelle-besancon.ac-besancon.fr\/?p=13169","title":{"rendered":"3\u00e8me conseil d&#8217;\u00e9cole"},"content":{"rendered":"<p>Le 3\u00e8me conseil d&#8217;\u00e9cole se d\u00e9roulera le mardi 28 juin \u00e0 partir de 18h. Vous pouvez poser vos questions par l&#8217;interm\u00e9diaire de vos repr\u00e9sentants \u00e9lus dont <a href=\"http:\/\/elem-granvelle-besancon.ac-besancon.fr\/?p=11577\">voici la liste<\/a>.<\/p>\n","protected":false},"excerpt":{"rendered":"<p>Le 3\u00e8me conseil d&#8217;\u00e9cole se d\u00e9roulera le mardi 28 juin \u00e0 partir de 18h. Vous pouvez poser vos questions par l&#8217;interm\u00e9diaire de vos repr\u00e9sentants \u00e9lus dont voici la liste.<\/p>\n","protected":false},"author":16,"featured_media":0,"comment_status":"closed","ping_status":"open","sticky":false,"template":"","format":"standard","meta":{"footnotes":""},"categories":[2,16],"tags":[],"class_list":["post-13169","post","type-post","status-publish","format-standard","hentry","category-infos-parents","category-representants-des-parents-d-eleves"],"_links":{"self":[{"href":"http:\/\/elem-granvelle-besancon.ac-besancon.fr\/index.php?rest_route=\/wp\/v2\/posts\/13169","targetHints":{"allow":["GET"]}}],"collection":[{"href":"http:\/\/elem-granvelle-besancon.ac-besancon.fr\/index.php?rest_route=\/wp\/v2\/posts"}],"about":[{"href":"http:\/\/elem-granvelle-besancon.ac-besancon.fr\/index.php?rest_route=\/wp\/v2\/types\/post"}],"author":[{"embeddable":true,"href":"http:\/\/elem-granvelle-besancon.ac-besancon.fr\/index.php?rest_route=\/wp\/v2\/users\/16"}],"replies":[{"embeddable":true,"href":"http:\/\/elem-granvelle-besancon.ac-besancon.fr\/index.php?rest_route=%2Fwp%2Fv2%2Fcomments&post=13169"}],"version-history":[{"count":1,"href":"http:\/\/elem-granvelle-besancon.ac-besancon.fr\/index.php?rest_route=\/wp\/v2\/posts\/13169\/revisions"}],"predecessor-version":[{"id":13170,"href":"http:\/\/elem-granvelle-besancon.ac-besancon.fr\/index.php?rest_route=\/wp\/v2\/posts\/13169\/revisions\/13170"}],"wp:attachment":[{"href":"http:\/\/elem-granvelle-besancon.ac-besancon.fr\/index.php?rest_route=%2Fwp%2Fv2%2Fmedia&parent=13169"}],"wp:term":[{"taxonomy":"category","embeddable":true,"href":"http:\/\/elem-granvelle-besancon.ac-besancon.fr\/index.php?rest_route=%2Fwp%2Fv2%2Fcategories&post=13169"},{"taxonomy":"post_tag","embeddable":true,"href":"http:\/\/elem-granvelle-besancon.ac-besancon.fr\/index.php?rest_route=%2Fwp%2Fv2%2Ftags&post=13169"}],"curies":[{"name":"wp","href":"https:\/\/api.w.org\/{rel}","templated":true}]}}