{"id":13171,"date":"2022-06-13T10:01:42","date_gmt":"2022-06-13T08:01:42","guid":{"rendered":"http:\/\/elem-granvelle-besancon.ac-besancon.fr\/?p=13171"},"modified":"2022-06-13T10:16:46","modified_gmt":"2022-06-13T08:16:46","slug":"stage-de-reussite","status":"publish","type":"post","link":"http:\/\/elem-granvelle-besancon.ac-besancon.fr\/?p=13171","title":{"rendered":"Stage de r\u00e9ussite"},"content":{"rendered":"<p>Des stages de r\u00e9ussite sont propos\u00e9s pendant les vacances d\u2019\u00e9t\u00e9 aux \u00e9l\u00e8ves qui rencontrent des difficult\u00e9s d\u2019apprentissage en math\u00e9matiques et\/ou en fran\u00e7ais, afin de leur donner de meilleures chances de r\u00e9ussir leur scolarit\u00e9, de consolider les acquis de l\u2019ann\u00e9e et de leur faciliter l\u2019entr\u00e9e dans le niveau sup\u00e9rieur.<\/p>\n<p>Selon le contexte sanitaire en vigueur et les contraintes locales, il sera assur\u00e9 par des professeurs des \u00e9coles en pr\u00e9sentiel ou distanciel.<\/p>\n<p>\u00c0 son terme, un bilan des r\u00e9ussites vous sera communiqu\u00e9.<span class=\"Apple-converted-space\">\u00a0<\/span><\/p>\n<p>Votre enfant pourra b\u00e9n\u00e9ficier de ce dispositif avec votre accord \u00e9crit<span class=\"Apple-converted-space\">\u00a0(r\u00e9ponse attendue pour le jeudi 16 juin) :<\/span><\/p>\n<p><a href=\"http:\/\/elem-granvelle-besancon.ac-besancon.fr\/wp-content\/uploads\/sites\/15\/2022\/06\/candidature-stage-de-reussite.pdf\">candidature stage de r\u00e9ussite<\/a><a href=\"http:\/\/elem-granvelle-besancon.ac-besancon.fr\/wp-content\/uploads\/sites\/15\/2022\/06\/candidature-stage-de-reussite.pdf\"><img loading=\"lazy\" decoding=\"async\" class=\"aligncenter wp-image-13173 size-large\" src=\"http:\/\/elem-granvelle-besancon.ac-besancon.fr\/wp-content\/uploads\/sites\/15\/2022\/06\/Capture-decran-2022-06-13-a-10.00.42-706x1024.jpg\" alt=\"\" width=\"584\" height=\"847\" srcset=\"http:\/\/elem-granvelle-besancon.ac-besancon.fr\/wp-content\/uploads\/sites\/15\/2022\/06\/Capture-decran-2022-06-13-a-10.00.42-706x1024.jpg 706w, http:\/\/elem-granvelle-besancon.ac-besancon.fr\/wp-content\/uploads\/sites\/15\/2022\/06\/Capture-decran-2022-06-13-a-10.00.42-207x300.jpg 207w, http:\/\/elem-granvelle-besancon.ac-besancon.fr\/wp-content\/uploads\/sites\/15\/2022\/06\/Capture-decran-2022-06-13-a-10.00.42-600x870.jpg 600w, http:\/\/elem-granvelle-besancon.ac-besancon.fr\/wp-content\/uploads\/sites\/15\/2022\/06\/Capture-decran-2022-06-13-a-10.00.42.jpg 745w\" sizes=\"auto, (max-width: 584px) 100vw, 584px\" \/><\/a><\/p>\n","protected":false},"excerpt":{"rendered":"<p>Des stages de r\u00e9ussite sont propos\u00e9s pendant les vacances d\u2019\u00e9t\u00e9 aux \u00e9l\u00e8ves qui rencontrent des difficult\u00e9s d\u2019apprentissage en math\u00e9matiques et\/ou en fran\u00e7ais, afin de leur donner de meilleures chances de r\u00e9ussir leur scolarit\u00e9, de consolider les acquis de l\u2019ann\u00e9e et &hellip; <a href=\"http:\/\/elem-granvelle-besancon.ac-besancon.fr\/?p=13171\">Continuer la lecture <span class=\"meta-nav\">&rarr;<\/span><\/a><\/p>\n","protected":false},"author":16,"featured_media":0,"comment_status":"closed","ping_status":"open","sticky":false,"template":"","format":"standard","meta":{"footnotes":""},"categories":[2,3],"tags":[],"class_list":["post-13171","post","type-post","status-publish","format-standard","hentry","category-infos-parents","category-les-classes"],"_links":{"self":[{"href":"http:\/\/elem-granvelle-besancon.ac-besancon.fr\/index.php?rest_route=\/wp\/v2\/posts\/13171","targetHints":{"allow":["GET"]}}],"collection":[{"href":"http:\/\/elem-granvelle-besancon.ac-besancon.fr\/index.php?rest_route=\/wp\/v2\/posts"}],"about":[{"href":"http:\/\/elem-granvelle-besancon.ac-besancon.fr\/index.php?rest_route=\/wp\/v2\/types\/post"}],"author":[{"embeddable":true,"href":"http:\/\/elem-granvelle-besancon.ac-besancon.fr\/index.php?rest_route=\/wp\/v2\/users\/16"}],"replies":[{"embeddable":true,"href":"http:\/\/elem-granvelle-besancon.ac-besancon.fr\/index.php?rest_route=%2Fwp%2Fv2%2Fcomments&post=13171"}],"version-history":[{"count":3,"href":"http:\/\/elem-granvelle-besancon.ac-besancon.fr\/index.php?rest_route=\/wp\/v2\/posts\/13171\/revisions"}],"predecessor-version":[{"id":13176,"href":"http:\/\/elem-granvelle-besancon.ac-besancon.fr\/index.php?rest_route=\/wp\/v2\/posts\/13171\/revisions\/13176"}],"wp:attachment":[{"href":"http:\/\/elem-granvelle-besancon.ac-besancon.fr\/index.php?rest_route=%2Fwp%2Fv2%2Fmedia&parent=13171"}],"wp:term":[{"taxonomy":"category","embeddable":true,"href":"http:\/\/elem-granvelle-besancon.ac-besancon.fr\/index.php?rest_route=%2Fwp%2Fv2%2Fcategories&post=13171"},{"taxonomy":"post_tag","embeddable":true,"href":"http:\/\/elem-granvelle-besancon.ac-besancon.fr\/index.php?rest_route=%2Fwp%2Fv2%2Ftags&post=13171"}],"curies":[{"name":"wp","href":"https:\/\/api.w.org\/{rel}","templated":true}]}}