{"id":13185,"date":"2022-06-17T14:56:25","date_gmt":"2022-06-17T12:56:25","guid":{"rendered":"http:\/\/elem-granvelle-besancon.ac-besancon.fr\/?p=13185"},"modified":"2022-06-17T14:56:25","modified_gmt":"2022-06-17T12:56:25","slug":"chorale-annulee","status":"publish","type":"post","link":"http:\/\/elem-granvelle-besancon.ac-besancon.fr\/?p=13185","title":{"rendered":"Chorale Annul\u00e9e"},"content":{"rendered":"<p>Suite \u00e0 une triste nouvelle touchant l&#8217;un des membres de l&#8217;\u00e9quipe, la chorale pr\u00e9vue ce mardi 21 juin est annul\u00e9e. Nous vous tiendrons inform\u00e9s d&#8217;une \u00e9ventuelle nouvelle date.<\/p>\n<p>l&#8217;\u00e9quipe p\u00e9dagogique.<\/p>\n","protected":false},"excerpt":{"rendered":"<p>Suite \u00e0 une triste nouvelle touchant l&#8217;un des membres de l&#8217;\u00e9quipe, la chorale pr\u00e9vue ce mardi 21 juin est annul\u00e9e. Nous vous tiendrons inform\u00e9s d&#8217;une \u00e9ventuelle nouvelle date. l&#8217;\u00e9quipe p\u00e9dagogique.<\/p>\n","protected":false},"author":16,"featured_media":0,"comment_status":"closed","ping_status":"open","sticky":false,"template":"","format":"standard","meta":{"footnotes":""},"categories":[2,3],"tags":[],"class_list":["post-13185","post","type-post","status-publish","format-standard","hentry","category-infos-parents","category-les-classes"],"_links":{"self":[{"href":"http:\/\/elem-granvelle-besancon.ac-besancon.fr\/index.php?rest_route=\/wp\/v2\/posts\/13185","targetHints":{"allow":["GET"]}}],"collection":[{"href":"http:\/\/elem-granvelle-besancon.ac-besancon.fr\/index.php?rest_route=\/wp\/v2\/posts"}],"about":[{"href":"http:\/\/elem-granvelle-besancon.ac-besancon.fr\/index.php?rest_route=\/wp\/v2\/types\/post"}],"author":[{"embeddable":true,"href":"http:\/\/elem-granvelle-besancon.ac-besancon.fr\/index.php?rest_route=\/wp\/v2\/users\/16"}],"replies":[{"embeddable":true,"href":"http:\/\/elem-granvelle-besancon.ac-besancon.fr\/index.php?rest_route=%2Fwp%2Fv2%2Fcomments&post=13185"}],"version-history":[{"count":1,"href":"http:\/\/elem-granvelle-besancon.ac-besancon.fr\/index.php?rest_route=\/wp\/v2\/posts\/13185\/revisions"}],"predecessor-version":[{"id":13186,"href":"http:\/\/elem-granvelle-besancon.ac-besancon.fr\/index.php?rest_route=\/wp\/v2\/posts\/13185\/revisions\/13186"}],"wp:attachment":[{"href":"http:\/\/elem-granvelle-besancon.ac-besancon.fr\/index.php?rest_route=%2Fwp%2Fv2%2Fmedia&parent=13185"}],"wp:term":[{"taxonomy":"category","embeddable":true,"href":"http:\/\/elem-granvelle-besancon.ac-besancon.fr\/index.php?rest_route=%2Fwp%2Fv2%2Fcategories&post=13185"},{"taxonomy":"post_tag","embeddable":true,"href":"http:\/\/elem-granvelle-besancon.ac-besancon.fr\/index.php?rest_route=%2Fwp%2Fv2%2Ftags&post=13185"}],"curies":[{"name":"wp","href":"https:\/\/api.w.org\/{rel}","templated":true}]}}