{"id":13189,"date":"2022-06-24T13:45:02","date_gmt":"2022-06-24T11:45:02","guid":{"rendered":"http:\/\/elem-granvelle-besancon.ac-besancon.fr\/?p=13189"},"modified":"2022-06-24T13:45:02","modified_gmt":"2022-06-24T11:45:02","slug":"sortie-pique-nique","status":"publish","type":"post","link":"http:\/\/elem-granvelle-besancon.ac-besancon.fr\/?p=13189","title":{"rendered":"Sortie Pique-nique\u00a0"},"content":{"rendered":"<p><span style=\"color: #000000\"><span style=\"font-family: Liberation Serif, serif\"><span style=\"font-size: small\">Toute l&#8217;\u00e9cole participera \u00e0 une randonn\u00e9e pique-nique dans Besan\u00e7on le mardi 28 juin.<\/span><\/span><\/span><\/p>\n<ul>\n<li><span style=\"color: #000000\"><span style=\"font-family: Liberation Serif, serif\"><span style=\"font-size: small\">D\u00e9part \u00e0 9h30 pour les CE2-CM1-CM2, 10h pour les CP-CE1 pour la partie randonn\u00e9e<\/span><\/span><\/span><\/li>\n<li><span style=\"color: #000000\"><span style=\"font-family: Liberation Serif, serif\"><span style=\"font-size: small\">12h : repas tir\u00e9 du sac \u00e0 la gare d&#8217;eau (les parents qui le souhaitent pourront nous rejoindre pour le pique-nique).<\/span><\/span><\/span><\/li>\n<li><span style=\"color: #000000\"><span style=\"font-family: Liberation Serif, serif\"><span style=\"font-size: small\">temps libre<\/span><\/span><\/span><\/li>\n<li><span style=\"color: #000000\"><span style=\"font-family: Liberation Serif, serif\"><span style=\"font-size: small\">13h30-15h30 : ateliers dans le parc (foot, molky&#8230;)<\/span><\/span><\/span><\/li>\n<\/ul>\n<p><span style=\"color: #000000\"><span style=\"font-family: Liberation Serif, serif\"><span style=\"font-size: small\">Pensez \u00e0 \u00e9quiper vos enfants d&#8217;une tenue adapt\u00e9e \u00e0 la m\u00e9t\u00e9o et \u00e0 la pratique du sport (baskets, short ou surv\u00eatement). N&#8217;oubliez pas une gourde ou une bouteille d&#8217;eau (\u00e9vitez les boissons sucr\u00e9es).<\/span><\/span><\/span><\/p>\n<p><span style=\"color: #000000\"><span style=\"font-family: Liberation Serif, serif\"><span style=\"font-size: small\">Nous aurons besoin d&#8217;accompagnateurs pour encadrer cette journ\u00e9e. Merci de vous signaler aupr\u00e8s de l&#8217;enseignant de votre enfant si vous \u00eates disponible.<\/span><\/span><\/span><\/p>\n<p><span style=\"color: #000000\"><span style=\"font-family: Liberation Serif, serif\"><span style=\"font-size: small\">Je soussign\u00e9________________________ responsable l\u00e9gal de l\u2019enfant______________\u00a0:<\/span><\/span><\/span><\/p>\n<ul>\n<li><span style=\"color: #000000\"><span style=\"font-family: Liberation Serif, serif\"><span style=\"font-size: small\">l\u2019autorise \u00e0 participer \u00e0 la sortie pique-nique du 28 juin 2022*<\/span><\/span><\/span><\/li>\n<\/ul>\n<ul>\n<li><span style=\"color: #000000\"><span style=\"font-family: Liberation Serif, serif\"><span style=\"font-size: small\">ne l\u2019autorise pas \u00e0 participer \u00e0 la sortie pique-nique du 28 juin 2022 *<\/span><\/span><\/span><\/li>\n<\/ul>\n<p><i><span style=\"color: #000000\"><span style=\"font-family: Liberation Serif, serif\"><span style=\"font-size: small\">* barrez la mention inutile<\/span><\/span><\/span><\/i><\/p>\n<p align=\"center\"><em><span style=\"color: #000000\"><span style=\"font-family: Liberation Serif, serif\"><span style=\"font-size: small\"><i>L&#8217;\u00e9quipe p\u00e9dagogique<\/i><\/span><\/span><\/span><\/em><\/p>\n<p align=\"center\">\n","protected":false},"excerpt":{"rendered":"<p>Toute l&#8217;\u00e9cole participera \u00e0 une randonn\u00e9e pique-nique dans Besan\u00e7on le mardi 28 juin. D\u00e9part \u00e0 9h30 pour les CE2-CM1-CM2, 10h pour les CP-CE1 pour la partie randonn\u00e9e 12h : repas tir\u00e9 du sac \u00e0 la gare d&#8217;eau (les parents qui &hellip; <a href=\"http:\/\/elem-granvelle-besancon.ac-besancon.fr\/?p=13189\">Continuer la lecture <span class=\"meta-nav\">&rarr;<\/span><\/a><\/p>\n","protected":false},"author":16,"featured_media":0,"comment_status":"closed","ping_status":"open","sticky":false,"template":"","format":"standard","meta":{"footnotes":""},"categories":[2,3],"tags":[],"class_list":["post-13189","post","type-post","status-publish","format-standard","hentry","category-infos-parents","category-les-classes"],"_links":{"self":[{"href":"http:\/\/elem-granvelle-besancon.ac-besancon.fr\/index.php?rest_route=\/wp\/v2\/posts\/13189","targetHints":{"allow":["GET"]}}],"collection":[{"href":"http:\/\/elem-granvelle-besancon.ac-besancon.fr\/index.php?rest_route=\/wp\/v2\/posts"}],"about":[{"href":"http:\/\/elem-granvelle-besancon.ac-besancon.fr\/index.php?rest_route=\/wp\/v2\/types\/post"}],"author":[{"embeddable":true,"href":"http:\/\/elem-granvelle-besancon.ac-besancon.fr\/index.php?rest_route=\/wp\/v2\/users\/16"}],"replies":[{"embeddable":true,"href":"http:\/\/elem-granvelle-besancon.ac-besancon.fr\/index.php?rest_route=%2Fwp%2Fv2%2Fcomments&post=13189"}],"version-history":[{"count":1,"href":"http:\/\/elem-granvelle-besancon.ac-besancon.fr\/index.php?rest_route=\/wp\/v2\/posts\/13189\/revisions"}],"predecessor-version":[{"id":13190,"href":"http:\/\/elem-granvelle-besancon.ac-besancon.fr\/index.php?rest_route=\/wp\/v2\/posts\/13189\/revisions\/13190"}],"wp:attachment":[{"href":"http:\/\/elem-granvelle-besancon.ac-besancon.fr\/index.php?rest_route=%2Fwp%2Fv2%2Fmedia&parent=13189"}],"wp:term":[{"taxonomy":"category","embeddable":true,"href":"http:\/\/elem-granvelle-besancon.ac-besancon.fr\/index.php?rest_route=%2Fwp%2Fv2%2Fcategories&post=13189"},{"taxonomy":"post_tag","embeddable":true,"href":"http:\/\/elem-granvelle-besancon.ac-besancon.fr\/index.php?rest_route=%2Fwp%2Fv2%2Ftags&post=13189"}],"curies":[{"name":"wp","href":"https:\/\/api.w.org\/{rel}","templated":true}]}}