{"id":13191,"date":"2022-06-24T13:46:12","date_gmt":"2022-06-24T11:46:12","guid":{"rendered":"http:\/\/elem-granvelle-besancon.ac-besancon.fr\/?p=13191"},"modified":"2022-06-24T13:46:12","modified_gmt":"2022-06-24T11:46:12","slug":"chorale-le-5-juillet","status":"publish","type":"post","link":"http:\/\/elem-granvelle-besancon.ac-besancon.fr\/?p=13191","title":{"rendered":"Chorale le 5 juillet"},"content":{"rendered":"<p>Les enfants auront le plaisir de vous pr\u00e9senter les chants qu&#8217;ils ont travaill\u00e9s le mardi 5 juillet \u00e0 partir de 18h dans l&#8217;enceinte de l&#8217;\u00e9cole.<\/p>\n<p><em>l\u2019\u00e9quipe p\u00e9dagogique.<\/em><\/p>\n","protected":false},"excerpt":{"rendered":"<p>Les enfants auront le plaisir de vous pr\u00e9senter les chants qu&#8217;ils ont travaill\u00e9s le mardi 5 juillet \u00e0 partir de 18h dans l&#8217;enceinte de l&#8217;\u00e9cole. l\u2019\u00e9quipe p\u00e9dagogique.<\/p>\n","protected":false},"author":16,"featured_media":0,"comment_status":"closed","ping_status":"open","sticky":false,"template":"","format":"standard","meta":{"footnotes":""},"categories":[2,3],"tags":[],"class_list":["post-13191","post","type-post","status-publish","format-standard","hentry","category-infos-parents","category-les-classes"],"_links":{"self":[{"href":"http:\/\/elem-granvelle-besancon.ac-besancon.fr\/index.php?rest_route=\/wp\/v2\/posts\/13191","targetHints":{"allow":["GET"]}}],"collection":[{"href":"http:\/\/elem-granvelle-besancon.ac-besancon.fr\/index.php?rest_route=\/wp\/v2\/posts"}],"about":[{"href":"http:\/\/elem-granvelle-besancon.ac-besancon.fr\/index.php?rest_route=\/wp\/v2\/types\/post"}],"author":[{"embeddable":true,"href":"http:\/\/elem-granvelle-besancon.ac-besancon.fr\/index.php?rest_route=\/wp\/v2\/users\/16"}],"replies":[{"embeddable":true,"href":"http:\/\/elem-granvelle-besancon.ac-besancon.fr\/index.php?rest_route=%2Fwp%2Fv2%2Fcomments&post=13191"}],"version-history":[{"count":1,"href":"http:\/\/elem-granvelle-besancon.ac-besancon.fr\/index.php?rest_route=\/wp\/v2\/posts\/13191\/revisions"}],"predecessor-version":[{"id":13192,"href":"http:\/\/elem-granvelle-besancon.ac-besancon.fr\/index.php?rest_route=\/wp\/v2\/posts\/13191\/revisions\/13192"}],"wp:attachment":[{"href":"http:\/\/elem-granvelle-besancon.ac-besancon.fr\/index.php?rest_route=%2Fwp%2Fv2%2Fmedia&parent=13191"}],"wp:term":[{"taxonomy":"category","embeddable":true,"href":"http:\/\/elem-granvelle-besancon.ac-besancon.fr\/index.php?rest_route=%2Fwp%2Fv2%2Fcategories&post=13191"},{"taxonomy":"post_tag","embeddable":true,"href":"http:\/\/elem-granvelle-besancon.ac-besancon.fr\/index.php?rest_route=%2Fwp%2Fv2%2Ftags&post=13191"}],"curies":[{"name":"wp","href":"https:\/\/api.w.org\/{rel}","templated":true}]}}