{"id":13236,"date":"2022-09-01T14:35:45","date_gmt":"2022-09-01T12:35:45","guid":{"rendered":"http:\/\/elem-granvelle-besancon.ac-besancon.fr\/?p=13236"},"modified":"2022-09-01T14:35:45","modified_gmt":"2022-09-01T12:35:45","slug":"reunions-de-presentation","status":"publish","type":"post","link":"http:\/\/elem-granvelle-besancon.ac-besancon.fr\/?p=13236","title":{"rendered":"R\u00e9unions de pr\u00e9sentation"},"content":{"rendered":"<ul>\n<li><span style=\"font-size: small\"><span style=\"color: #373737\"><span style=\"font-family: Century Gothic, sans-serif\"><b>Les enseignants vous proposent un temps d&#8217;accueil dans leurs classes pour vous pr\u00e9senter le fonctionnement p\u00e9dagogique de l&#8217;ann\u00e9e \u00e0 venir<\/b><\/span><\/span><span style=\"color: #373737\"><span style=\"font-family: Century Gothic, sans-serif\">\u00a0:<\/span><\/span><\/span><span style=\"color: #373737\">\u2013<\/span> <span style=\"font-size: small\"><span style=\"color: #373737\"><span style=\"font-family: Century Gothic, sans-serif\">CP, CE2 et CM1 le vendredi 9 septembre \u00e0 18h.<\/span><\/span><\/span>\n<p><span style=\"color: #373737\">\u2013 <\/span><span style=\"font-size: small\"><span style=\"color: #373737\"><span style=\"font-family: Century Gothic, sans-serif\">C<\/span><\/span><span style=\"color: #373737\"><span style=\"font-family: Century Gothic, sans-serif\">E1 et CM1-CM2 le lundi 12 septembre \u00e0 18h.<\/span><\/span><\/span><\/li>\n<\/ul>\n","protected":false},"excerpt":{"rendered":"<p>Les enseignants vous proposent un temps d&#8217;accueil dans leurs classes pour vous pr\u00e9senter le fonctionnement p\u00e9dagogique de l&#8217;ann\u00e9e \u00e0 venir\u00a0:\u2013 CP, CE2 et CM1 le vendredi 9 septembre \u00e0 18h. \u2013 CE1 et CM1-CM2 le lundi 12 septembre \u00e0 18h.<\/p>\n","protected":false},"author":16,"featured_media":0,"comment_status":"closed","ping_status":"open","sticky":false,"template":"","format":"standard","meta":{"footnotes":""},"categories":[3],"tags":[],"class_list":["post-13236","post","type-post","status-publish","format-standard","hentry","category-les-classes"],"_links":{"self":[{"href":"http:\/\/elem-granvelle-besancon.ac-besancon.fr\/index.php?rest_route=\/wp\/v2\/posts\/13236","targetHints":{"allow":["GET"]}}],"collection":[{"href":"http:\/\/elem-granvelle-besancon.ac-besancon.fr\/index.php?rest_route=\/wp\/v2\/posts"}],"about":[{"href":"http:\/\/elem-granvelle-besancon.ac-besancon.fr\/index.php?rest_route=\/wp\/v2\/types\/post"}],"author":[{"embeddable":true,"href":"http:\/\/elem-granvelle-besancon.ac-besancon.fr\/index.php?rest_route=\/wp\/v2\/users\/16"}],"replies":[{"embeddable":true,"href":"http:\/\/elem-granvelle-besancon.ac-besancon.fr\/index.php?rest_route=%2Fwp%2Fv2%2Fcomments&post=13236"}],"version-history":[{"count":2,"href":"http:\/\/elem-granvelle-besancon.ac-besancon.fr\/index.php?rest_route=\/wp\/v2\/posts\/13236\/revisions"}],"predecessor-version":[{"id":13238,"href":"http:\/\/elem-granvelle-besancon.ac-besancon.fr\/index.php?rest_route=\/wp\/v2\/posts\/13236\/revisions\/13238"}],"wp:attachment":[{"href":"http:\/\/elem-granvelle-besancon.ac-besancon.fr\/index.php?rest_route=%2Fwp%2Fv2%2Fmedia&parent=13236"}],"wp:term":[{"taxonomy":"category","embeddable":true,"href":"http:\/\/elem-granvelle-besancon.ac-besancon.fr\/index.php?rest_route=%2Fwp%2Fv2%2Fcategories&post=13236"},{"taxonomy":"post_tag","embeddable":true,"href":"http:\/\/elem-granvelle-besancon.ac-besancon.fr\/index.php?rest_route=%2Fwp%2Fv2%2Ftags&post=13236"}],"curies":[{"name":"wp","href":"https:\/\/api.w.org\/{rel}","templated":true}]}}