{"id":13253,"date":"2023-09-07T11:49:22","date_gmt":"2023-09-07T09:49:22","guid":{"rendered":"http:\/\/elem-granvelle-besancon.ac-besancon.fr\/?p=13253"},"modified":"2023-09-21T14:49:58","modified_gmt":"2023-09-21T12:49:58","slug":"infos-de-rentree","status":"publish","type":"post","link":"http:\/\/elem-granvelle-besancon.ac-besancon.fr\/?p=13253","title":{"rendered":"Infos de rentr\u00e9e"},"content":{"rendered":"<p>Vous trouverez l&#8217;ensemble des informations dans le cahier de liaison de votre enfant.<\/p>\n<p>Rappel des horaires :<\/p>\n<ul>\n<li><span style=\"color: #373737\">\u2013 <span style=\"font-family: Century Gothic, sans-serif\"><span style=\"font-size: small\">Entr\u00e9e et sortie en fin de journ\u00e9e d\u00e9cal\u00e9es <\/span><\/span><\/span><\/li>\n<\/ul>\n<p><span style=\"color: #373737\"><span style=\"font-family: Century Gothic, sans-serif\"><span style=\"font-size: small\">CE2-CM1-CM2\u00a0: 8h15 \u2013 11h45, 14h-16h30<\/span><\/span><\/span><\/p>\n<p><span style=\"font-size: small\"><span style=\"color: #373737\"><span style=\"font-family: Century Gothic, sans-serif\">CP et CE1\u00a0:<\/span><\/span><span style=\"color: #373737\"><span style=\"font-family: Century Gothic, sans-serif\"> 8h25-<\/span><\/span><span style=\"color: #373737\"><span style=\"font-family: Century Gothic, sans-serif\">11h45, 14h-16h40<\/span><\/span> <\/span><\/p>\n<p><span style=\"color: #373737\"><span style=\"font-family: Century Gothic, sans-serif\"><span style=\"font-size: small\">L\u2019ouverture des portes se fait 10 minutes avant. Rappel, seuls les \u00e9l\u00e8ves de maternelle sont normalement remis aux parents. Toutefois, nous attendons que quelqu&#8217;un soit l\u00e0\u00a0 pour laisser les enfants sortir, merci donc de respecter les horaires.<\/span><\/span><\/span><\/p>\n<ul>\n<li><span style=\"font-family: Century Gothic, sans-serif\"><span style=\"font-size: small\"><span style=\"color: #373737\"><b>Communication lien famille\/\u00e9cole.<\/b><\/span><span style=\"color: #373737\"><br \/>\n\u2013 Jour de d\u00e9charge <\/span><span style=\"color: #373737\">du directeur <\/span><span style=\"color: #373737\">le <\/span><span style=\"color: #373737\">jeudi et un vendredi\/3<\/span><span style=\"color: #373737\">. Possibilit\u00e9 de <\/span><span style=\"color: #373737\">prendre<\/span><span style=\"color: #373737\"> rendez-vous sur ce temps. Vous pouvez appeler les autres jours et laisser un message si besoin. Pour les informations \u00e0 \u00e9changer avec l&#8217;enseignant de votre enfant, Vous pouvez utiliser le cahier de liaison.<\/span><\/span><\/span><\/li>\n<li><span style=\"font-size: small\"><span style=\"color: #373737\"><span style=\"font-family: Century Gothic, sans-serif\"><b>Papiers \u00e0 rendre :<\/b><\/span><\/span><span style=\"color: #373737\"><span style=\"font-family: Century Gothic, sans-serif\"><br \/>\n\u2013 Fiche de renseignements (pr\u00e9-remplie, apporter les modifications si n\u00e9cessaire puis la rendre). <\/span><\/span><span style=\"color: #373737\"><span style=\"font-family: Century Gothic, sans-serif\">L\u2019adresse des deux parents est n\u00e9cessaire pour faire parvenir les r\u00e9sultats scolaires.<\/span><\/span><span style=\"color: #373737\"><span style=\"font-family: Century Gothic, sans-serif\"><br \/>\n\u2013 Attestations d\u2019assurance.<br \/>\n\u2013 Coop\u00e9rative : <\/span><\/span><span style=\"color: #373737\"><span style=\"font-family: Century Gothic, sans-serif\">La cotisation pour l\u2019ann\u00e9e scolaire 2022-2023 est fix\u00e9e \u00e0 16\u20ac par enfant, 13\u20ac pour les suivants de la fratrie fr\u00e9quentant l\u2019\u00e9cole \u00e9l\u00e9mentaire. Les <\/span><\/span><span style=\"color: #373737\"><span style=\"font-family: Century Gothic, sans-serif\">ch\u00e8ques<\/span><\/span><span style=\"color: #373737\"><span style=\"font-family: Century Gothic, sans-serif\"> sont \u00e0 l\u2019ordre de \u00ab\u00a0<\/span><\/span><span style=\"color: #373737\"><span style=\"font-family: Century Gothic, sans-serif\"><b>coop\u00e9rative scolaire Granvelle OCCE 25<\/b><\/span><\/span><span style=\"color: #373737\"><span style=\"font-family: Century Gothic, sans-serif\"> \u00bb. <\/span><\/span><\/span><\/li>\n<\/ul>\n<p>\u2013 <span style=\"font-family: Century Gothic, sans-serif\">Autorisation d\u2019abonnement \u00e0 la newsletter de l\u2019\u00e9cole.<\/span><\/p>\n<p><span style=\"color: #373737\">\u2013 <\/span><span style=\"font-size: small\"><span style=\"color: #373737\"><span style=\"font-family: Century Gothic, sans-serif\">2 boites de Mouchoirs.<\/span><\/span><\/span><\/p>\n<ul>\n<li><span style=\"font-size: small\"><span style=\"color: #373737\"><span style=\"font-family: Century Gothic, sans-serif\"><b>Les \u00e9lections des repr\u00e9sentants de parents<\/b><\/span><\/span><span style=\"color: #373737\"><span style=\"font-family: Century Gothic, sans-serif\"> d\u2019\u00e9l\u00e8ves se d\u00e9rouleront le vendredi 13 octobre <\/span><\/span><span style=\"color: #373737\"><span style=\"font-family: Century Gothic, sans-serif\"><span style=\"text-decoration: underline\">uniquement par correspondance<\/span>. Il faut 5 \u00e9lus pour les 5 classes et \u00e9ventuellement 5 suppl\u00e9ants. Vous pouvez proposer votre candidature jusqu&#8217;au lundi 2 octobre \u00e0 minuit. <\/span><\/span><\/span>Si vous souhaitez vous vous regrouper sous une \u00e9tiquette, voici les informations utiles : <a href=\"https:\/\/www.fcpe.asso.fr\/elementaire\">FCPE<\/a>, <a href=\"https:\/\/peepasso-my.sharepoint.com\/personal\/ressources_peep_asso_fr\/_layouts\/15\/onedrive.aspx?id=%2Fpersonal%2Fressources%5Fpeep%5Fasso%5Ffr%2FDocuments%2FCOMMUNICATION%20PEEP%2FLA%20PEEP%20PRESENTATION%20septembre%20%202023%2Epdf&amp;parent=%2Fpersonal%2Fressources%5Fpeep%5Fasso%5Ffr%2FDocuments%2FCOMMUNICATION%20PEEP&amp;ga=1\">PEEP.<\/a><\/li>\n<\/ul>\n<p>&nbsp;<\/p>\n","protected":false},"excerpt":{"rendered":"<p>Vous trouverez l&#8217;ensemble des informations dans le cahier de liaison de votre enfant. Rappel des horaires : \u2013 Entr\u00e9e et sortie en fin de journ\u00e9e d\u00e9cal\u00e9es CE2-CM1-CM2\u00a0: 8h15 \u2013 11h45, 14h-16h30 CP et CE1\u00a0: 8h25-11h45, 14h-16h40 L\u2019ouverture des portes se &hellip; <a href=\"http:\/\/elem-granvelle-besancon.ac-besancon.fr\/?p=13253\">Continuer la lecture <span class=\"meta-nav\">&rarr;<\/span><\/a><\/p>\n","protected":false},"author":16,"featured_media":0,"comment_status":"closed","ping_status":"open","sticky":false,"template":"","format":"standard","meta":{"footnotes":""},"categories":[2],"tags":[],"class_list":["post-13253","post","type-post","status-publish","format-standard","hentry","category-infos-parents"],"_links":{"self":[{"href":"http:\/\/elem-granvelle-besancon.ac-besancon.fr\/index.php?rest_route=\/wp\/v2\/posts\/13253","targetHints":{"allow":["GET"]}}],"collection":[{"href":"http:\/\/elem-granvelle-besancon.ac-besancon.fr\/index.php?rest_route=\/wp\/v2\/posts"}],"about":[{"href":"http:\/\/elem-granvelle-besancon.ac-besancon.fr\/index.php?rest_route=\/wp\/v2\/types\/post"}],"author":[{"embeddable":true,"href":"http:\/\/elem-granvelle-besancon.ac-besancon.fr\/index.php?rest_route=\/wp\/v2\/users\/16"}],"replies":[{"embeddable":true,"href":"http:\/\/elem-granvelle-besancon.ac-besancon.fr\/index.php?rest_route=%2Fwp%2Fv2%2Fcomments&post=13253"}],"version-history":[{"count":7,"href":"http:\/\/elem-granvelle-besancon.ac-besancon.fr\/index.php?rest_route=\/wp\/v2\/posts\/13253\/revisions"}],"predecessor-version":[{"id":13856,"href":"http:\/\/elem-granvelle-besancon.ac-besancon.fr\/index.php?rest_route=\/wp\/v2\/posts\/13253\/revisions\/13856"}],"wp:attachment":[{"href":"http:\/\/elem-granvelle-besancon.ac-besancon.fr\/index.php?rest_route=%2Fwp%2Fv2%2Fmedia&parent=13253"}],"wp:term":[{"taxonomy":"category","embeddable":true,"href":"http:\/\/elem-granvelle-besancon.ac-besancon.fr\/index.php?rest_route=%2Fwp%2Fv2%2Fcategories&post=13253"},{"taxonomy":"post_tag","embeddable":true,"href":"http:\/\/elem-granvelle-besancon.ac-besancon.fr\/index.php?rest_route=%2Fwp%2Fv2%2Ftags&post=13253"}],"curies":[{"name":"wp","href":"https:\/\/api.w.org\/{rel}","templated":true}]}}