{"id":13290,"date":"2022-10-06T15:03:26","date_gmt":"2022-10-06T13:03:26","guid":{"rendered":"http:\/\/elem-granvelle-besancon.ac-besancon.fr\/?p=13290"},"modified":"2022-10-11T08:00:06","modified_gmt":"2022-10-11T06:00:06","slug":"1er-conseil-des-enfants","status":"publish","type":"post","link":"http:\/\/elem-granvelle-besancon.ac-besancon.fr\/?p=13290","title":{"rendered":"1er conseil des enfants"},"content":{"rendered":"<p>Depuis la fin des restrictions li\u00e9es \u00e0 la crise du COVID, nous avons mis en place un conseil des enfants. Celui-ci est compos\u00e9 de deux d\u00e9l\u00e9gu\u00e9s par classe et permet aux \u00e9l\u00e8ves de proposer leurs id\u00e9es pour am\u00e9liorer leur vie \u00e0 l&#8217;\u00e9cole. L&#8217;an pass\u00e9, des marelles ont \u00e9t\u00e9 install\u00e9es dans la cour \u00e0 leur demande, des cr\u00e9dits leur ont \u00e9t\u00e9 allou\u00e9s pour acheter des jeux de soci\u00e9t\u00e9&#8230;<\/p>\n<p>Trouvez ci-dessous le compte rendu du premier conseil des enfants de l&#8217;ann\u00e9e scolaire 2022-2023.<\/p>\n<p><a href=\"http:\/\/elem-granvelle-besancon.ac-besancon.fr\/wp-content\/uploads\/sites\/15\/2022\/10\/1er-conseil-2022-2023-2.pdf\">1er conseil 2022-2023<\/a><\/p>\n","protected":false},"excerpt":{"rendered":"<p>Depuis la fin des restrictions li\u00e9es \u00e0 la crise du COVID, nous avons mis en place un conseil des enfants. Celui-ci est compos\u00e9 de deux d\u00e9l\u00e9gu\u00e9s par classe et permet aux \u00e9l\u00e8ves de proposer leurs id\u00e9es pour am\u00e9liorer leur vie &hellip; <a href=\"http:\/\/elem-granvelle-besancon.ac-besancon.fr\/?p=13290\">Continuer la lecture <span class=\"meta-nav\">&rarr;<\/span><\/a><\/p>\n","protected":false},"author":16,"featured_media":0,"comment_status":"closed","ping_status":"open","sticky":false,"template":"","format":"standard","meta":{"footnotes":""},"categories":[2,3],"tags":[],"class_list":["post-13290","post","type-post","status-publish","format-standard","hentry","category-infos-parents","category-les-classes"],"_links":{"self":[{"href":"http:\/\/elem-granvelle-besancon.ac-besancon.fr\/index.php?rest_route=\/wp\/v2\/posts\/13290","targetHints":{"allow":["GET"]}}],"collection":[{"href":"http:\/\/elem-granvelle-besancon.ac-besancon.fr\/index.php?rest_route=\/wp\/v2\/posts"}],"about":[{"href":"http:\/\/elem-granvelle-besancon.ac-besancon.fr\/index.php?rest_route=\/wp\/v2\/types\/post"}],"author":[{"embeddable":true,"href":"http:\/\/elem-granvelle-besancon.ac-besancon.fr\/index.php?rest_route=\/wp\/v2\/users\/16"}],"replies":[{"embeddable":true,"href":"http:\/\/elem-granvelle-besancon.ac-besancon.fr\/index.php?rest_route=%2Fwp%2Fv2%2Fcomments&post=13290"}],"version-history":[{"count":2,"href":"http:\/\/elem-granvelle-besancon.ac-besancon.fr\/index.php?rest_route=\/wp\/v2\/posts\/13290\/revisions"}],"predecessor-version":[{"id":13298,"href":"http:\/\/elem-granvelle-besancon.ac-besancon.fr\/index.php?rest_route=\/wp\/v2\/posts\/13290\/revisions\/13298"}],"wp:attachment":[{"href":"http:\/\/elem-granvelle-besancon.ac-besancon.fr\/index.php?rest_route=%2Fwp%2Fv2%2Fmedia&parent=13290"}],"wp:term":[{"taxonomy":"category","embeddable":true,"href":"http:\/\/elem-granvelle-besancon.ac-besancon.fr\/index.php?rest_route=%2Fwp%2Fv2%2Fcategories&post=13290"},{"taxonomy":"post_tag","embeddable":true,"href":"http:\/\/elem-granvelle-besancon.ac-besancon.fr\/index.php?rest_route=%2Fwp%2Fv2%2Ftags&post=13290"}],"curies":[{"name":"wp","href":"https:\/\/api.w.org\/{rel}","templated":true}]}}