{"id":13302,"date":"2022-10-13T16:20:08","date_gmt":"2022-10-13T14:20:08","guid":{"rendered":"http:\/\/elem-granvelle-besancon.ac-besancon.fr\/?p=13302"},"modified":"2022-10-13T16:20:08","modified_gmt":"2022-10-13T14:20:08","slug":"sorties-semaine-du-17-au-21-octobre","status":"publish","type":"post","link":"http:\/\/elem-granvelle-besancon.ac-besancon.fr\/?p=13302","title":{"rendered":"Sorties semaine du 17 au 21 octobre"},"content":{"rendered":"<p>Au cours de cette semaine qui pr\u00e9c\u00e9dera les vacances de la Toussaint, la classe de CM1-CM2 se rendra \u00e0 la pr\u00e9fecture dans le cadre d&#8217;une s\u00e9ance d&#8217;\u00e9ducation civique.<\/p>\n<p>Toutes les classes iront jeudi 20 octobre au conservatoire pour une avant-premi\u00e8re du <a href=\"https:\/\/www.festivalpote.com\/fr\/accueil\">festival POTE\u00a0<\/a>. Les enfants auront des temps d&#8217;\u00e9coute et d&#8217;ateliers.<\/p>\n<ul>\n<li>14h &#8211; 15h15 : CM1, CM1-CM2 + 6\u00e8me CHAM du coll\u00e8ge Victor HUGO.<\/li>\n<li>14h40 &#8211; 15h45 : CP &#8211; CE1 et CE2.<\/li>\n<\/ul>\n","protected":false},"excerpt":{"rendered":"<p>Au cours de cette semaine qui pr\u00e9c\u00e9dera les vacances de la Toussaint, la classe de CM1-CM2 se rendra \u00e0 la pr\u00e9fecture dans le cadre d&#8217;une s\u00e9ance d&#8217;\u00e9ducation civique. Toutes les classes iront jeudi 20 octobre au conservatoire pour une avant-premi\u00e8re &hellip; <a href=\"http:\/\/elem-granvelle-besancon.ac-besancon.fr\/?p=13302\">Continuer la lecture <span class=\"meta-nav\">&rarr;<\/span><\/a><\/p>\n","protected":false},"author":16,"featured_media":0,"comment_status":"closed","ping_status":"open","sticky":false,"template":"","format":"standard","meta":{"footnotes":""},"categories":[2,3],"tags":[],"class_list":["post-13302","post","type-post","status-publish","format-standard","hentry","category-infos-parents","category-les-classes"],"_links":{"self":[{"href":"http:\/\/elem-granvelle-besancon.ac-besancon.fr\/index.php?rest_route=\/wp\/v2\/posts\/13302","targetHints":{"allow":["GET"]}}],"collection":[{"href":"http:\/\/elem-granvelle-besancon.ac-besancon.fr\/index.php?rest_route=\/wp\/v2\/posts"}],"about":[{"href":"http:\/\/elem-granvelle-besancon.ac-besancon.fr\/index.php?rest_route=\/wp\/v2\/types\/post"}],"author":[{"embeddable":true,"href":"http:\/\/elem-granvelle-besancon.ac-besancon.fr\/index.php?rest_route=\/wp\/v2\/users\/16"}],"replies":[{"embeddable":true,"href":"http:\/\/elem-granvelle-besancon.ac-besancon.fr\/index.php?rest_route=%2Fwp%2Fv2%2Fcomments&post=13302"}],"version-history":[{"count":1,"href":"http:\/\/elem-granvelle-besancon.ac-besancon.fr\/index.php?rest_route=\/wp\/v2\/posts\/13302\/revisions"}],"predecessor-version":[{"id":13303,"href":"http:\/\/elem-granvelle-besancon.ac-besancon.fr\/index.php?rest_route=\/wp\/v2\/posts\/13302\/revisions\/13303"}],"wp:attachment":[{"href":"http:\/\/elem-granvelle-besancon.ac-besancon.fr\/index.php?rest_route=%2Fwp%2Fv2%2Fmedia&parent=13302"}],"wp:term":[{"taxonomy":"category","embeddable":true,"href":"http:\/\/elem-granvelle-besancon.ac-besancon.fr\/index.php?rest_route=%2Fwp%2Fv2%2Fcategories&post=13302"},{"taxonomy":"post_tag","embeddable":true,"href":"http:\/\/elem-granvelle-besancon.ac-besancon.fr\/index.php?rest_route=%2Fwp%2Fv2%2Ftags&post=13302"}],"curies":[{"name":"wp","href":"https:\/\/api.w.org\/{rel}","templated":true}]}}