{"id":13304,"date":"2022-10-13T15:08:00","date_gmt":"2022-10-13T13:08:00","guid":{"rendered":"http:\/\/elem-granvelle-besancon.ac-besancon.fr\/?p=13304"},"modified":"2022-10-13T16:22:48","modified_gmt":"2022-10-13T14:22:48","slug":"conseil-decole","status":"publish","type":"post","link":"http:\/\/elem-granvelle-besancon.ac-besancon.fr\/?p=13304","title":{"rendered":"Conseil d&#8217;\u00e9cole"},"content":{"rendered":"<p>Le premier conseil d&#8217;\u00e9cole de l&#8217;ann\u00e9e scolaire se d\u00e9roulera vendredi 21 octobre 2022 \u00e0 18h. Si vous avez des questions, vous pouvez les transmettre aux parents <a href=\"http:\/\/elem-granvelle-besancon.ac-besancon.fr\/?p=13299\">nouvellement \u00e9lus<\/a>.<\/p>\n<p>Pour rappel, la mairie est \u00e9galement repr\u00e9sent\u00e9e lors du conseil d&#8217;\u00e9cole.<\/p>\n","protected":false},"excerpt":{"rendered":"<p>Le premier conseil d&#8217;\u00e9cole de l&#8217;ann\u00e9e scolaire se d\u00e9roulera vendredi 21 octobre 2022 \u00e0 18h. Si vous avez des questions, vous pouvez les transmettre aux parents nouvellement \u00e9lus. Pour rappel, la mairie est \u00e9galement repr\u00e9sent\u00e9e lors du conseil d&#8217;\u00e9cole.<\/p>\n","protected":false},"author":16,"featured_media":0,"comment_status":"closed","ping_status":"open","sticky":false,"template":"","format":"standard","meta":{"footnotes":""},"categories":[2],"tags":[],"class_list":["post-13304","post","type-post","status-publish","format-standard","hentry","category-infos-parents"],"_links":{"self":[{"href":"http:\/\/elem-granvelle-besancon.ac-besancon.fr\/index.php?rest_route=\/wp\/v2\/posts\/13304","targetHints":{"allow":["GET"]}}],"collection":[{"href":"http:\/\/elem-granvelle-besancon.ac-besancon.fr\/index.php?rest_route=\/wp\/v2\/posts"}],"about":[{"href":"http:\/\/elem-granvelle-besancon.ac-besancon.fr\/index.php?rest_route=\/wp\/v2\/types\/post"}],"author":[{"embeddable":true,"href":"http:\/\/elem-granvelle-besancon.ac-besancon.fr\/index.php?rest_route=\/wp\/v2\/users\/16"}],"replies":[{"embeddable":true,"href":"http:\/\/elem-granvelle-besancon.ac-besancon.fr\/index.php?rest_route=%2Fwp%2Fv2%2Fcomments&post=13304"}],"version-history":[{"count":2,"href":"http:\/\/elem-granvelle-besancon.ac-besancon.fr\/index.php?rest_route=\/wp\/v2\/posts\/13304\/revisions"}],"predecessor-version":[{"id":13306,"href":"http:\/\/elem-granvelle-besancon.ac-besancon.fr\/index.php?rest_route=\/wp\/v2\/posts\/13304\/revisions\/13306"}],"wp:attachment":[{"href":"http:\/\/elem-granvelle-besancon.ac-besancon.fr\/index.php?rest_route=%2Fwp%2Fv2%2Fmedia&parent=13304"}],"wp:term":[{"taxonomy":"category","embeddable":true,"href":"http:\/\/elem-granvelle-besancon.ac-besancon.fr\/index.php?rest_route=%2Fwp%2Fv2%2Fcategories&post=13304"},{"taxonomy":"post_tag","embeddable":true,"href":"http:\/\/elem-granvelle-besancon.ac-besancon.fr\/index.php?rest_route=%2Fwp%2Fv2%2Ftags&post=13304"}],"curies":[{"name":"wp","href":"https:\/\/api.w.org\/{rel}","templated":true}]}}