{"id":13391,"date":"2026-04-20T08:40:49","date_gmt":"2026-04-20T06:40:49","guid":{"rendered":"http:\/\/elem-granvelle-besancon.ac-besancon.fr\/?p=13391"},"modified":"2026-04-20T08:53:59","modified_gmt":"2026-04-20T06:53:59","slug":"invitation-au-match-de-handball","status":"publish","type":"post","link":"http:\/\/elem-granvelle-besancon.ac-besancon.fr\/?p=13391","title":{"rendered":"Invitation au match de Basket Ball"},"content":{"rendered":"<p style=\"font-weight: 400\">Le club bisontin, le\u00a0<strong>BesAC Basket accueille Chartres dimanche 26 avril \u00e0 15h30 au Palais des Sports<\/strong>.<\/p>\n<p style=\"font-weight: 400\">A l\u2019occasion de ce match,\u00a0<u>le club <\/u>\u00a0souhaite inviter les \u00e9l\u00e8ves des \u00e9coles primaires.<\/p>\n<p style=\"font-weight: 400\">Chaque \u00e9l\u00e8ve peut venir avec un accompagnant, les enseignants \u00e9galement.<\/p>\n<p style=\"font-weight: 400\">Inscrivez vous <a href=\"https:\/\/docs.google.com\/forms\/d\/e\/1FAIpQLSeSbRimLXBUUS0SLZegpmtzO4jfu3Bcy_7G6HuelTrdoCQvzQ\/viewform?pli=1\">ICI<\/a>.<\/p>\n<p><img loading=\"lazy\" decoding=\"async\" class=\"aligncenter size-full wp-image-16595\" src=\"http:\/\/elem-granvelle-besancon.ac-besancon.fr\/wp-content\/uploads\/sites\/15\/2022\/11\/invitation-basket.jpg\" alt=\"\" width=\"641\" height=\"901\" srcset=\"http:\/\/elem-granvelle-besancon.ac-besancon.fr\/wp-content\/uploads\/sites\/15\/2022\/11\/invitation-basket.jpg 641w, http:\/\/elem-granvelle-besancon.ac-besancon.fr\/wp-content\/uploads\/sites\/15\/2022\/11\/invitation-basket-213x300.jpg 213w\" sizes=\"auto, (max-width: 641px) 100vw, 641px\" \/><\/p>\n","protected":false},"excerpt":{"rendered":"<p>Le club bisontin, le\u00a0BesAC Basket accueille Chartres dimanche 26 avril \u00e0 15h30 au Palais des Sports. A l\u2019occasion de ce match,\u00a0le club \u00a0souhaite inviter les \u00e9l\u00e8ves des \u00e9coles primaires. Chaque \u00e9l\u00e8ve peut venir avec un accompagnant, les enseignants \u00e9galement. Inscrivez &hellip; <a href=\"http:\/\/elem-granvelle-besancon.ac-besancon.fr\/?p=13391\">Continuer la lecture <span class=\"meta-nav\">&rarr;<\/span><\/a><\/p>\n","protected":false},"author":16,"featured_media":0,"comment_status":"closed","ping_status":"open","sticky":false,"template":"","format":"standard","meta":{"footnotes":""},"categories":[2,3],"tags":[],"class_list":["post-13391","post","type-post","status-publish","format-standard","hentry","category-infos-parents","category-les-classes"],"_links":{"self":[{"href":"http:\/\/elem-granvelle-besancon.ac-besancon.fr\/index.php?rest_route=\/wp\/v2\/posts\/13391","targetHints":{"allow":["GET"]}}],"collection":[{"href":"http:\/\/elem-granvelle-besancon.ac-besancon.fr\/index.php?rest_route=\/wp\/v2\/posts"}],"about":[{"href":"http:\/\/elem-granvelle-besancon.ac-besancon.fr\/index.php?rest_route=\/wp\/v2\/types\/post"}],"author":[{"embeddable":true,"href":"http:\/\/elem-granvelle-besancon.ac-besancon.fr\/index.php?rest_route=\/wp\/v2\/users\/16"}],"replies":[{"embeddable":true,"href":"http:\/\/elem-granvelle-besancon.ac-besancon.fr\/index.php?rest_route=%2Fwp%2Fv2%2Fcomments&post=13391"}],"version-history":[{"count":3,"href":"http:\/\/elem-granvelle-besancon.ac-besancon.fr\/index.php?rest_route=\/wp\/v2\/posts\/13391\/revisions"}],"predecessor-version":[{"id":16596,"href":"http:\/\/elem-granvelle-besancon.ac-besancon.fr\/index.php?rest_route=\/wp\/v2\/posts\/13391\/revisions\/16596"}],"wp:attachment":[{"href":"http:\/\/elem-granvelle-besancon.ac-besancon.fr\/index.php?rest_route=%2Fwp%2Fv2%2Fmedia&parent=13391"}],"wp:term":[{"taxonomy":"category","embeddable":true,"href":"http:\/\/elem-granvelle-besancon.ac-besancon.fr\/index.php?rest_route=%2Fwp%2Fv2%2Fcategories&post=13391"},{"taxonomy":"post_tag","embeddable":true,"href":"http:\/\/elem-granvelle-besancon.ac-besancon.fr\/index.php?rest_route=%2Fwp%2Fv2%2Ftags&post=13391"}],"curies":[{"name":"wp","href":"https:\/\/api.w.org\/{rel}","templated":true}]}}