{"id":13398,"date":"2022-11-16T11:35:39","date_gmt":"2022-11-16T10:35:39","guid":{"rendered":"http:\/\/elem-granvelle-besancon.ac-besancon.fr\/?p=13398"},"modified":"2022-11-16T11:36:21","modified_gmt":"2022-11-16T10:36:21","slug":"sorties-scolaires-ce1","status":"publish","type":"post","link":"http:\/\/elem-granvelle-besancon.ac-besancon.fr\/?p=13398","title":{"rendered":"Sorties scolaires CE1"},"content":{"rendered":"<p><span style=\"font-weight: 400\">Chers parents,<\/span><\/p>\n<p><span style=\"font-weight: 400\">Voici un petit r\u00e9capitulatif de nos prochaines sorties scolaires, pour qu\u2019elles puissent se r\u00e9aliser, nous avons besoin de parents pour nous accompagner. Alors, je vous remercie par avance pour votre disponibilit\u00e9. Un tableau \u00e0 compl\u00e9ter a \u00e9t\u00e9 transmis \u00e0 vos enfants (dans le cahier de liaison). <\/span><span style=\"font-weight: 400\">Pour les activit\u00e9s se d\u00e9roulant en ext\u00e9rieur, <\/span><b>il faudra habiller vos enfants en fonction du temps.<\/b><\/p>\n<p><b>Mardi 22 novembre 14:00-16:30 : <\/b><b>chasse aux tr\u00e9sors <\/b><span style=\"font-weight: 400\">4 parents accompagnateurs\u00a0<\/span><\/p>\n<p><b>Mardi 29 novembre, mardi 6, 13 d\u00e9cembre, mardi 3, 10, 17 et 24 janvier : <\/b><b>course d\u2019orientation au parc Chamars <\/b><b>d\u00e9part 15:00 retour 16:40 <\/b><span style=\"font-weight: 400\">4 parents accompagnateurs\u00a0<\/span><\/p>\n<p><b>Lundi 5 d\u00e9cembre :<\/b><b> Cin\u00e9ma<\/b> <b>1,2,3 L\u00e9on<\/b><b> : d\u00e9part 14:00 <\/b><span style=\"font-weight: 400\">2 parents accompagnateurs<\/span><\/p>\n","protected":false},"excerpt":{"rendered":"<p>Chers parents, Voici un petit r\u00e9capitulatif de nos prochaines sorties scolaires, pour qu\u2019elles puissent se r\u00e9aliser, nous avons besoin de parents pour nous accompagner. Alors, je vous remercie par avance pour votre disponibilit\u00e9. Un tableau \u00e0 compl\u00e9ter a \u00e9t\u00e9 transmis &hellip; <a href=\"http:\/\/elem-granvelle-besancon.ac-besancon.fr\/?p=13398\">Continuer la lecture <span class=\"meta-nav\">&rarr;<\/span><\/a><\/p>\n","protected":false},"author":16,"featured_media":0,"comment_status":"closed","ping_status":"open","sticky":false,"template":"","format":"standard","meta":{"footnotes":""},"categories":[6],"tags":[],"class_list":["post-13398","post","type-post","status-publish","format-standard","hentry","category-classe-ce1"],"_links":{"self":[{"href":"http:\/\/elem-granvelle-besancon.ac-besancon.fr\/index.php?rest_route=\/wp\/v2\/posts\/13398","targetHints":{"allow":["GET"]}}],"collection":[{"href":"http:\/\/elem-granvelle-besancon.ac-besancon.fr\/index.php?rest_route=\/wp\/v2\/posts"}],"about":[{"href":"http:\/\/elem-granvelle-besancon.ac-besancon.fr\/index.php?rest_route=\/wp\/v2\/types\/post"}],"author":[{"embeddable":true,"href":"http:\/\/elem-granvelle-besancon.ac-besancon.fr\/index.php?rest_route=\/wp\/v2\/users\/16"}],"replies":[{"embeddable":true,"href":"http:\/\/elem-granvelle-besancon.ac-besancon.fr\/index.php?rest_route=%2Fwp%2Fv2%2Fcomments&post=13398"}],"version-history":[{"count":1,"href":"http:\/\/elem-granvelle-besancon.ac-besancon.fr\/index.php?rest_route=\/wp\/v2\/posts\/13398\/revisions"}],"predecessor-version":[{"id":13399,"href":"http:\/\/elem-granvelle-besancon.ac-besancon.fr\/index.php?rest_route=\/wp\/v2\/posts\/13398\/revisions\/13399"}],"wp:attachment":[{"href":"http:\/\/elem-granvelle-besancon.ac-besancon.fr\/index.php?rest_route=%2Fwp%2Fv2%2Fmedia&parent=13398"}],"wp:term":[{"taxonomy":"category","embeddable":true,"href":"http:\/\/elem-granvelle-besancon.ac-besancon.fr\/index.php?rest_route=%2Fwp%2Fv2%2Fcategories&post=13398"},{"taxonomy":"post_tag","embeddable":true,"href":"http:\/\/elem-granvelle-besancon.ac-besancon.fr\/index.php?rest_route=%2Fwp%2Fv2%2Ftags&post=13398"}],"curies":[{"name":"wp","href":"https:\/\/api.w.org\/{rel}","templated":true}]}}