{"id":13421,"date":"2022-11-17T16:14:13","date_gmt":"2022-11-17T15:14:13","guid":{"rendered":"http:\/\/elem-granvelle-besancon.ac-besancon.fr\/?p=13421"},"modified":"2022-11-17T16:14:41","modified_gmt":"2022-11-17T15:14:41","slug":"sorties-cinema","status":"publish","type":"post","link":"http:\/\/elem-granvelle-besancon.ac-besancon.fr\/?p=13421","title":{"rendered":"Sorties Cin\u00e9ma"},"content":{"rendered":"<p>Les \u00e9l\u00e8ves de cycle 2 (CP-CE1-CE2) se rendront le 5 d\u00e9cembre l&#8217;apr\u00e8s-midi au cin\u00e9ma Victor HUGO pour voir &#8220;1, 2, 3 L\u00e9on&#8221;, s\u00e9rie de 4 courts-m\u00e9trages. <a href=\"https:\/\/nanouk-ec.com\/films\/1%2C-2%2C-3-leon\">Voir la FICHE<\/a>.<\/p>\n<p>Les \u00e9l\u00e8ves de CM1 et CM1 iront eux le 28 novembre visionner le film Billy Elliot. <a href=\"https:\/\/nanouk-ec.com\/films\/billy-elliot\">Voir la FICHE.<\/a><\/p>\n<p>Nous aurons besoin d&#8217;accompagnateurs pour ces sorties.<\/p>\n","protected":false},"excerpt":{"rendered":"<p>Les \u00e9l\u00e8ves de cycle 2 (CP-CE1-CE2) se rendront le 5 d\u00e9cembre l&#8217;apr\u00e8s-midi au cin\u00e9ma Victor HUGO pour voir &#8220;1, 2, 3 L\u00e9on&#8221;, s\u00e9rie de 4 courts-m\u00e9trages. Voir la FICHE. Les \u00e9l\u00e8ves de CM1 et CM1 iront eux le 28 novembre &hellip; <a href=\"http:\/\/elem-granvelle-besancon.ac-besancon.fr\/?p=13421\">Continuer la lecture <span class=\"meta-nav\">&rarr;<\/span><\/a><\/p>\n","protected":false},"author":16,"featured_media":0,"comment_status":"closed","ping_status":"open","sticky":false,"template":"","format":"standard","meta":{"footnotes":""},"categories":[2],"tags":[],"class_list":["post-13421","post","type-post","status-publish","format-standard","hentry","category-infos-parents"],"_links":{"self":[{"href":"http:\/\/elem-granvelle-besancon.ac-besancon.fr\/index.php?rest_route=\/wp\/v2\/posts\/13421","targetHints":{"allow":["GET"]}}],"collection":[{"href":"http:\/\/elem-granvelle-besancon.ac-besancon.fr\/index.php?rest_route=\/wp\/v2\/posts"}],"about":[{"href":"http:\/\/elem-granvelle-besancon.ac-besancon.fr\/index.php?rest_route=\/wp\/v2\/types\/post"}],"author":[{"embeddable":true,"href":"http:\/\/elem-granvelle-besancon.ac-besancon.fr\/index.php?rest_route=\/wp\/v2\/users\/16"}],"replies":[{"embeddable":true,"href":"http:\/\/elem-granvelle-besancon.ac-besancon.fr\/index.php?rest_route=%2Fwp%2Fv2%2Fcomments&post=13421"}],"version-history":[{"count":1,"href":"http:\/\/elem-granvelle-besancon.ac-besancon.fr\/index.php?rest_route=\/wp\/v2\/posts\/13421\/revisions"}],"predecessor-version":[{"id":13422,"href":"http:\/\/elem-granvelle-besancon.ac-besancon.fr\/index.php?rest_route=\/wp\/v2\/posts\/13421\/revisions\/13422"}],"wp:attachment":[{"href":"http:\/\/elem-granvelle-besancon.ac-besancon.fr\/index.php?rest_route=%2Fwp%2Fv2%2Fmedia&parent=13421"}],"wp:term":[{"taxonomy":"category","embeddable":true,"href":"http:\/\/elem-granvelle-besancon.ac-besancon.fr\/index.php?rest_route=%2Fwp%2Fv2%2Fcategories&post=13421"},{"taxonomy":"post_tag","embeddable":true,"href":"http:\/\/elem-granvelle-besancon.ac-besancon.fr\/index.php?rest_route=%2Fwp%2Fv2%2Ftags&post=13421"}],"curies":[{"name":"wp","href":"https:\/\/api.w.org\/{rel}","templated":true}]}}