{"id":13431,"date":"2022-12-01T15:03:07","date_gmt":"2022-12-01T14:03:07","guid":{"rendered":"http:\/\/elem-granvelle-besancon.ac-besancon.fr\/?p=13431"},"modified":"2022-12-08T14:45:48","modified_gmt":"2022-12-08T13:45:48","slug":"fete-decole","status":"publish","type":"post","link":"http:\/\/elem-granvelle-besancon.ac-besancon.fr\/?p=13431","title":{"rendered":"F\u00eate d&#8217;\u00e9cole !"},"content":{"rendered":"<p>Vendredi 16 d\u00e9cembre, les \u00e9l\u00e8ves de l&#8217;\u00e9cole Granvelle vous invitent \u00e0 participer \u00e0 la f\u00eate d&#8217;\u00e9cole qui marquera le dernier jour de classe en 2022 !<\/p>\n<p>Au programme :<\/p>\n<ul>\n<li>Un march\u00e9 de No\u00ebl (pour financer la classe d\u00e9couverte des CM1 et CM1-CM2) qui sera ouvert \u00e0 partir de 16h30 dans la classe d&#8217;ULIS.<\/li>\n<li>La chorale \u00e0 partir de 18h15.<\/li>\n<li>une boisson chaude pr\u00e9par\u00e9e par l&#8217;APEEG pour terminer la soir\u00e9e.<\/li>\n<\/ul>\n<p>Nous vous esp\u00e9rons nombreux pour venir f\u00eater cette fin d&#8217;ann\u00e9e.<\/p>\n<p><img loading=\"lazy\" decoding=\"async\" class=\"aligncenter size-large wp-image-13436\" src=\"http:\/\/elem-granvelle-besancon.ac-besancon.fr\/wp-content\/uploads\/sites\/15\/2022\/12\/noel-affiche-2022-663x1024.jpg\" alt=\"\" width=\"584\" height=\"902\" srcset=\"http:\/\/elem-granvelle-besancon.ac-besancon.fr\/wp-content\/uploads\/sites\/15\/2022\/12\/noel-affiche-2022-663x1024.jpg 663w, http:\/\/elem-granvelle-besancon.ac-besancon.fr\/wp-content\/uploads\/sites\/15\/2022\/12\/noel-affiche-2022-194x300.jpg 194w, http:\/\/elem-granvelle-besancon.ac-besancon.fr\/wp-content\/uploads\/sites\/15\/2022\/12\/noel-affiche-2022-600x927.jpg 600w, http:\/\/elem-granvelle-besancon.ac-besancon.fr\/wp-content\/uploads\/sites\/15\/2022\/12\/noel-affiche-2022.jpg 699w\" sizes=\"auto, (max-width: 584px) 100vw, 584px\" \/><\/p>\n","protected":false},"excerpt":{"rendered":"<p>Vendredi 16 d\u00e9cembre, les \u00e9l\u00e8ves de l&#8217;\u00e9cole Granvelle vous invitent \u00e0 participer \u00e0 la f\u00eate d&#8217;\u00e9cole qui marquera le dernier jour de classe en 2022 ! Au programme : Un march\u00e9 de No\u00ebl (pour financer la classe d\u00e9couverte des CM1 &hellip; <a href=\"http:\/\/elem-granvelle-besancon.ac-besancon.fr\/?p=13431\">Continuer la lecture <span class=\"meta-nav\">&rarr;<\/span><\/a><\/p>\n","protected":false},"author":16,"featured_media":0,"comment_status":"closed","ping_status":"open","sticky":false,"template":"","format":"standard","meta":{"footnotes":""},"categories":[2,3],"tags":[],"class_list":["post-13431","post","type-post","status-publish","format-standard","hentry","category-infos-parents","category-les-classes"],"_links":{"self":[{"href":"http:\/\/elem-granvelle-besancon.ac-besancon.fr\/index.php?rest_route=\/wp\/v2\/posts\/13431","targetHints":{"allow":["GET"]}}],"collection":[{"href":"http:\/\/elem-granvelle-besancon.ac-besancon.fr\/index.php?rest_route=\/wp\/v2\/posts"}],"about":[{"href":"http:\/\/elem-granvelle-besancon.ac-besancon.fr\/index.php?rest_route=\/wp\/v2\/types\/post"}],"author":[{"embeddable":true,"href":"http:\/\/elem-granvelle-besancon.ac-besancon.fr\/index.php?rest_route=\/wp\/v2\/users\/16"}],"replies":[{"embeddable":true,"href":"http:\/\/elem-granvelle-besancon.ac-besancon.fr\/index.php?rest_route=%2Fwp%2Fv2%2Fcomments&post=13431"}],"version-history":[{"count":7,"href":"http:\/\/elem-granvelle-besancon.ac-besancon.fr\/index.php?rest_route=\/wp\/v2\/posts\/13431\/revisions"}],"predecessor-version":[{"id":13439,"href":"http:\/\/elem-granvelle-besancon.ac-besancon.fr\/index.php?rest_route=\/wp\/v2\/posts\/13431\/revisions\/13439"}],"wp:attachment":[{"href":"http:\/\/elem-granvelle-besancon.ac-besancon.fr\/index.php?rest_route=%2Fwp%2Fv2%2Fmedia&parent=13431"}],"wp:term":[{"taxonomy":"category","embeddable":true,"href":"http:\/\/elem-granvelle-besancon.ac-besancon.fr\/index.php?rest_route=%2Fwp%2Fv2%2Fcategories&post=13431"},{"taxonomy":"post_tag","embeddable":true,"href":"http:\/\/elem-granvelle-besancon.ac-besancon.fr\/index.php?rest_route=%2Fwp%2Fv2%2Ftags&post=13431"}],"curies":[{"name":"wp","href":"https:\/\/api.w.org\/{rel}","templated":true}]}}