{"id":13440,"date":"2022-12-08T15:50:11","date_gmt":"2022-12-08T14:50:11","guid":{"rendered":"http:\/\/elem-granvelle-besancon.ac-besancon.fr\/?p=13440"},"modified":"2022-12-08T15:50:11","modified_gmt":"2022-12-08T14:50:11","slug":"2eme-conseil-des-enfants","status":"publish","type":"post","link":"http:\/\/elem-granvelle-besancon.ac-besancon.fr\/?p=13440","title":{"rendered":"2\u00e8me conseil des enfants"},"content":{"rendered":"<p>Depuis la fin des restrictions li\u00e9es \u00e0 la crise du COVID, nous avons mis en place un conseil des enfants. Celui-ci est compos\u00e9 de deux d\u00e9l\u00e9gu\u00e9s par classe et permet aux \u00e9l\u00e8ves de proposer leurs id\u00e9es pour am\u00e9liorer leur vie \u00e0 l&#8217;\u00e9cole. L&#8217;an pass\u00e9, des marelles ont \u00e9t\u00e9 install\u00e9es dans la cour \u00e0 leur demande, des cr\u00e9dits leur ont \u00e9t\u00e9 allou\u00e9s pour acheter des jeux de soci\u00e9t\u00e9&#8230;<\/p>\n<p>Trouvez ci-dessous le compte rendu du deuxi\u00e8me conseil des enfants de l&#8217;ann\u00e9e scolaire 2022-2023.<\/p>\n<p><a href=\"http:\/\/elem-granvelle-besancon.ac-besancon.fr\/wp-content\/uploads\/sites\/15\/2022\/12\/deuxieme-conseil-des-enfants-2022-2023.pdf\">deuxi\u00e8me conseil des enfants 2022-2023<\/a><\/p>\n","protected":false},"excerpt":{"rendered":"<p>Depuis la fin des restrictions li\u00e9es \u00e0 la crise du COVID, nous avons mis en place un conseil des enfants. Celui-ci est compos\u00e9 de deux d\u00e9l\u00e9gu\u00e9s par classe et permet aux \u00e9l\u00e8ves de proposer leurs id\u00e9es pour am\u00e9liorer leur vie &hellip; <a href=\"http:\/\/elem-granvelle-besancon.ac-besancon.fr\/?p=13440\">Continuer la lecture <span class=\"meta-nav\">&rarr;<\/span><\/a><\/p>\n","protected":false},"author":16,"featured_media":0,"comment_status":"closed","ping_status":"open","sticky":false,"template":"","format":"standard","meta":{"footnotes":""},"categories":[3],"tags":[],"class_list":["post-13440","post","type-post","status-publish","format-standard","hentry","category-les-classes"],"_links":{"self":[{"href":"http:\/\/elem-granvelle-besancon.ac-besancon.fr\/index.php?rest_route=\/wp\/v2\/posts\/13440","targetHints":{"allow":["GET"]}}],"collection":[{"href":"http:\/\/elem-granvelle-besancon.ac-besancon.fr\/index.php?rest_route=\/wp\/v2\/posts"}],"about":[{"href":"http:\/\/elem-granvelle-besancon.ac-besancon.fr\/index.php?rest_route=\/wp\/v2\/types\/post"}],"author":[{"embeddable":true,"href":"http:\/\/elem-granvelle-besancon.ac-besancon.fr\/index.php?rest_route=\/wp\/v2\/users\/16"}],"replies":[{"embeddable":true,"href":"http:\/\/elem-granvelle-besancon.ac-besancon.fr\/index.php?rest_route=%2Fwp%2Fv2%2Fcomments&post=13440"}],"version-history":[{"count":1,"href":"http:\/\/elem-granvelle-besancon.ac-besancon.fr\/index.php?rest_route=\/wp\/v2\/posts\/13440\/revisions"}],"predecessor-version":[{"id":13442,"href":"http:\/\/elem-granvelle-besancon.ac-besancon.fr\/index.php?rest_route=\/wp\/v2\/posts\/13440\/revisions\/13442"}],"wp:attachment":[{"href":"http:\/\/elem-granvelle-besancon.ac-besancon.fr\/index.php?rest_route=%2Fwp%2Fv2%2Fmedia&parent=13440"}],"wp:term":[{"taxonomy":"category","embeddable":true,"href":"http:\/\/elem-granvelle-besancon.ac-besancon.fr\/index.php?rest_route=%2Fwp%2Fv2%2Fcategories&post=13440"},{"taxonomy":"post_tag","embeddable":true,"href":"http:\/\/elem-granvelle-besancon.ac-besancon.fr\/index.php?rest_route=%2Fwp%2Fv2%2Ftags&post=13440"}],"curies":[{"name":"wp","href":"https:\/\/api.w.org\/{rel}","templated":true}]}}