{"id":13445,"date":"2022-12-16T11:49:16","date_gmt":"2022-12-16T10:49:16","guid":{"rendered":"http:\/\/elem-granvelle-besancon.ac-besancon.fr\/?p=13445"},"modified":"2022-12-16T14:25:44","modified_gmt":"2022-12-16T13:25:44","slug":"delestage-en-janvier-quelles-consequences","status":"publish","type":"post","link":"http:\/\/elem-granvelle-besancon.ac-besancon.fr\/?p=13445","title":{"rendered":"D\u00e9lestage en janvier, quelles cons\u00e9quences ?"},"content":{"rendered":"<p>Madame, Monsieur,<\/p>\n<p>Voici quelques informations que nous avons re\u00e7ues sur le d\u00e9lestage pr\u00e9vu en janvier et au cours de l&#8217;hiver et qui consiste \u00e0 interrompre provisoirement et volontairement l\u2019approvisionnement en courant d\u2019un secteur donn\u00e9.<\/p>\n<p>Dans le cas o\u00f9 ces coupures de courant auraient lieu, les \u00e9coles des secteurs concern\u00e9s seraient ferm\u00e9es et les enfants resteraient \u00e0 la maison. Toutefois, certains \u00e9l\u00e8ves seraient accueillis dans l&#8217;\u00e9cole la plus proche qui ne sera pas touch\u00e9e par le d\u00e9lestage.<\/p>\n<p>Il nous est donc demand\u00e9 d&#8217;<u><b>\u00e9tablir\u00a0<\/b><\/u><u><b> la liste des \u00e9l\u00e8ves dont vous trouverez les caract\u00e9ristiques ci-dessous<\/b><\/u>. Nous n&#8217;avons malheureusement pas toutes les donn\u00e9es professionnelles des responsables, donc, si vous \u00eates concern\u00e9-e, merci de nous le faire savoir en envoyant un mail \u00e0 : ecole.granvelle.besancon@ac-besancon.fr .<\/p>\n<p><b>Seuls les enfants suivants pourront \u00eatre accueillis au sein des \u00e9coles de proximit\u00e9 non d\u00e9lest\u00e9es d\u00e8s lors que les\u00a0<u>DEUX PARENTS\u00a0<\/u>exercent dans les services identifi\u00e9s comme prioritaires \u00e0 savoir :<br \/>\n<\/b><\/p>\n<ul>\n<li><b>SDIS, police nationale, police municipale, gendarmerie nationale, service p\u00e9nitentiaire<br \/>\n<\/b><\/li>\n<li><b>les h\u00f4pitaux, les services sociaux et m\u00e9dico-sociaux suivants\u00a0 : EHPAD et EHPA m\u00e9dicalis\u00e9s<br \/>\n<\/b><\/li>\n<li><b>\u00c9tablissements pour personnes handicap\u00e9es m\u00e9dicalis\u00e9es<br \/>\n<\/b><\/li>\n<li><b>\u00c9tablissements d&#8217;accueil du jeune enfant et assistants maternels en maison d&#8217;assistant maternel\u00a0 dont l&#8217;activit\u00e9 est maintenue<br \/>\n<\/b><\/li>\n<li><b>Et les autres services indispensables \u00e0 la gestion de la crise (pr\u00e9fecture, cellules de crise).<br \/>\n<\/b><\/li>\n<\/ul>\n<p><b>Les enfants de familles monoparentales dont le parent exerce dans les services identifi\u00e9s ci-dessus sont eux aussi concern\u00e9s par cet accueil exceptionnel.<\/b><\/p>\n<p>Cordialement, Sofiane EL HADJ<\/p>\n","protected":false},"excerpt":{"rendered":"<p>Madame, Monsieur, Voici quelques informations que nous avons re\u00e7ues sur le d\u00e9lestage pr\u00e9vu en janvier et au cours de l&#8217;hiver et qui consiste \u00e0 interrompre provisoirement et volontairement l\u2019approvisionnement en courant d\u2019un secteur donn\u00e9. Dans le cas o\u00f9 ces coupures &hellip; <a href=\"http:\/\/elem-granvelle-besancon.ac-besancon.fr\/?p=13445\">Continuer la lecture <span class=\"meta-nav\">&rarr;<\/span><\/a><\/p>\n","protected":false},"author":16,"featured_media":0,"comment_status":"closed","ping_status":"open","sticky":false,"template":"","format":"standard","meta":{"footnotes":""},"categories":[2],"tags":[],"class_list":["post-13445","post","type-post","status-publish","format-standard","hentry","category-infos-parents"],"_links":{"self":[{"href":"http:\/\/elem-granvelle-besancon.ac-besancon.fr\/index.php?rest_route=\/wp\/v2\/posts\/13445","targetHints":{"allow":["GET"]}}],"collection":[{"href":"http:\/\/elem-granvelle-besancon.ac-besancon.fr\/index.php?rest_route=\/wp\/v2\/posts"}],"about":[{"href":"http:\/\/elem-granvelle-besancon.ac-besancon.fr\/index.php?rest_route=\/wp\/v2\/types\/post"}],"author":[{"embeddable":true,"href":"http:\/\/elem-granvelle-besancon.ac-besancon.fr\/index.php?rest_route=\/wp\/v2\/users\/16"}],"replies":[{"embeddable":true,"href":"http:\/\/elem-granvelle-besancon.ac-besancon.fr\/index.php?rest_route=%2Fwp%2Fv2%2Fcomments&post=13445"}],"version-history":[{"count":2,"href":"http:\/\/elem-granvelle-besancon.ac-besancon.fr\/index.php?rest_route=\/wp\/v2\/posts\/13445\/revisions"}],"predecessor-version":[{"id":13447,"href":"http:\/\/elem-granvelle-besancon.ac-besancon.fr\/index.php?rest_route=\/wp\/v2\/posts\/13445\/revisions\/13447"}],"wp:attachment":[{"href":"http:\/\/elem-granvelle-besancon.ac-besancon.fr\/index.php?rest_route=%2Fwp%2Fv2%2Fmedia&parent=13445"}],"wp:term":[{"taxonomy":"category","embeddable":true,"href":"http:\/\/elem-granvelle-besancon.ac-besancon.fr\/index.php?rest_route=%2Fwp%2Fv2%2Fcategories&post=13445"},{"taxonomy":"post_tag","embeddable":true,"href":"http:\/\/elem-granvelle-besancon.ac-besancon.fr\/index.php?rest_route=%2Fwp%2Fv2%2Ftags&post=13445"}],"curies":[{"name":"wp","href":"https:\/\/api.w.org\/{rel}","templated":true}]}}