{"id":13506,"date":"2023-02-02T16:13:45","date_gmt":"2023-02-02T15:13:45","guid":{"rendered":"http:\/\/elem-granvelle-besancon.ac-besancon.fr\/?p=13506"},"modified":"2023-02-02T16:13:45","modified_gmt":"2023-02-02T15:13:45","slug":"troisieme-conseil-des-enfants","status":"publish","type":"post","link":"http:\/\/elem-granvelle-besancon.ac-besancon.fr\/?p=13506","title":{"rendered":"troisi\u00e8me conseil des enfants"},"content":{"rendered":"<p>Nouvelle r\u00e9union des d\u00e9l\u00e9gu\u00e9s de classe ce jeudi 2 f\u00e9vrier. En voici le compte-rendu :<\/p>\n<p><a href=\"http:\/\/elem-granvelle-besancon.ac-besancon.fr\/wp-content\/uploads\/sites\/15\/2023\/02\/troisieme-conseil-des-enfants-2022-2023.pdf\">troisi\u00e8me conseil des enfants 2022-2023<\/a><\/p>\n","protected":false},"excerpt":{"rendered":"<p>Nouvelle r\u00e9union des d\u00e9l\u00e9gu\u00e9s de classe ce jeudi 2 f\u00e9vrier. En voici le compte-rendu : troisi\u00e8me conseil des enfants 2022-2023<\/p>\n","protected":false},"author":16,"featured_media":0,"comment_status":"closed","ping_status":"open","sticky":false,"template":"","format":"standard","meta":{"footnotes":""},"categories":[3],"tags":[],"class_list":["post-13506","post","type-post","status-publish","format-standard","hentry","category-les-classes"],"_links":{"self":[{"href":"http:\/\/elem-granvelle-besancon.ac-besancon.fr\/index.php?rest_route=\/wp\/v2\/posts\/13506","targetHints":{"allow":["GET"]}}],"collection":[{"href":"http:\/\/elem-granvelle-besancon.ac-besancon.fr\/index.php?rest_route=\/wp\/v2\/posts"}],"about":[{"href":"http:\/\/elem-granvelle-besancon.ac-besancon.fr\/index.php?rest_route=\/wp\/v2\/types\/post"}],"author":[{"embeddable":true,"href":"http:\/\/elem-granvelle-besancon.ac-besancon.fr\/index.php?rest_route=\/wp\/v2\/users\/16"}],"replies":[{"embeddable":true,"href":"http:\/\/elem-granvelle-besancon.ac-besancon.fr\/index.php?rest_route=%2Fwp%2Fv2%2Fcomments&post=13506"}],"version-history":[{"count":1,"href":"http:\/\/elem-granvelle-besancon.ac-besancon.fr\/index.php?rest_route=\/wp\/v2\/posts\/13506\/revisions"}],"predecessor-version":[{"id":13508,"href":"http:\/\/elem-granvelle-besancon.ac-besancon.fr\/index.php?rest_route=\/wp\/v2\/posts\/13506\/revisions\/13508"}],"wp:attachment":[{"href":"http:\/\/elem-granvelle-besancon.ac-besancon.fr\/index.php?rest_route=%2Fwp%2Fv2%2Fmedia&parent=13506"}],"wp:term":[{"taxonomy":"category","embeddable":true,"href":"http:\/\/elem-granvelle-besancon.ac-besancon.fr\/index.php?rest_route=%2Fwp%2Fv2%2Fcategories&post=13506"},{"taxonomy":"post_tag","embeddable":true,"href":"http:\/\/elem-granvelle-besancon.ac-besancon.fr\/index.php?rest_route=%2Fwp%2Fv2%2Ftags&post=13506"}],"curies":[{"name":"wp","href":"https:\/\/api.w.org\/{rel}","templated":true}]}}