{"id":13511,"date":"2024-02-02T11:16:25","date_gmt":"2024-02-02T10:16:25","guid":{"rendered":"http:\/\/elem-granvelle-besancon.ac-besancon.fr\/?p=13511"},"modified":"2024-02-02T16:32:43","modified_gmt":"2024-02-02T15:32:43","slug":"livrets-scolaires","status":"publish","type":"post","link":"http:\/\/elem-granvelle-besancon.ac-besancon.fr\/?p=13511","title":{"rendered":"Livrets scolaires"},"content":{"rendered":"<p>Les livrets scolaires seront tr\u00e8s prochainement disponibles <a href=\"https:\/\/educonnect.education.gouv.fr\/idp\/profile\/SAML2\/Redirect\/SSO?execution=e1s1\">ICI.<\/a> Vous avez normalement vos identifiants pour vous connecter. Pour les \u00e9l\u00e8ves nouvellement inscrits, vous avez d\u00fb recevoir un mail vous informant des proc\u00e9dures pour valider votre compte. Pour les autres, ce sont les m\u00eames que l&#8217;an pass\u00e9 et ils sont valables pour tous vos enfants au cours de leur scolarit\u00e9. Si vous avez des difficult\u00e9s pour acc\u00e9der \u00e0 ce service, n&#8217;h\u00e9sitez pas \u00e0 nous le faire savoir afin que nous puissions r\u00e9gler le probl\u00e8me.<\/p>\n<p><img loading=\"lazy\" decoding=\"async\" class=\"aligncenter size-large wp-image-13512\" src=\"http:\/\/elem-granvelle-besancon.ac-besancon.fr\/wp-content\/uploads\/sites\/15\/2023\/02\/educonnect-1024x529.jpg\" alt=\"\" width=\"584\" height=\"302\" srcset=\"http:\/\/elem-granvelle-besancon.ac-besancon.fr\/wp-content\/uploads\/sites\/15\/2023\/02\/educonnect-1024x529.jpg 1024w, http:\/\/elem-granvelle-besancon.ac-besancon.fr\/wp-content\/uploads\/sites\/15\/2023\/02\/educonnect-300x155.jpg 300w, http:\/\/elem-granvelle-besancon.ac-besancon.fr\/wp-content\/uploads\/sites\/15\/2023\/02\/educonnect-768x396.jpg 768w, http:\/\/elem-granvelle-besancon.ac-besancon.fr\/wp-content\/uploads\/sites\/15\/2023\/02\/educonnect-600x310.jpg 600w, http:\/\/elem-granvelle-besancon.ac-besancon.fr\/wp-content\/uploads\/sites\/15\/2023\/02\/educonnect-1536x793.jpg 1536w, http:\/\/elem-granvelle-besancon.ac-besancon.fr\/wp-content\/uploads\/sites\/15\/2023\/02\/educonnect-500x258.jpg 500w, http:\/\/elem-granvelle-besancon.ac-besancon.fr\/wp-content\/uploads\/sites\/15\/2023\/02\/educonnect.jpg 1881w\" sizes=\"auto, (max-width: 584px) 100vw, 584px\" \/> <img loading=\"lazy\" decoding=\"async\" class=\"aligncenter size-large wp-image-13513\" src=\"http:\/\/elem-granvelle-besancon.ac-besancon.fr\/wp-content\/uploads\/sites\/15\/2023\/02\/educonnect2-1024x516.jpg\" alt=\"\" width=\"584\" height=\"294\" srcset=\"http:\/\/elem-granvelle-besancon.ac-besancon.fr\/wp-content\/uploads\/sites\/15\/2023\/02\/educonnect2-1024x516.jpg 1024w, http:\/\/elem-granvelle-besancon.ac-besancon.fr\/wp-content\/uploads\/sites\/15\/2023\/02\/educonnect2-300x151.jpg 300w, http:\/\/elem-granvelle-besancon.ac-besancon.fr\/wp-content\/uploads\/sites\/15\/2023\/02\/educonnect2-768x387.jpg 768w, http:\/\/elem-granvelle-besancon.ac-besancon.fr\/wp-content\/uploads\/sites\/15\/2023\/02\/educonnect2-600x302.jpg 600w, http:\/\/elem-granvelle-besancon.ac-besancon.fr\/wp-content\/uploads\/sites\/15\/2023\/02\/educonnect2-1536x773.jpg 1536w, http:\/\/elem-granvelle-besancon.ac-besancon.fr\/wp-content\/uploads\/sites\/15\/2023\/02\/educonnect2-500x252.jpg 500w, http:\/\/elem-granvelle-besancon.ac-besancon.fr\/wp-content\/uploads\/sites\/15\/2023\/02\/educonnect2.jpg 1893w\" sizes=\"auto, (max-width: 584px) 100vw, 584px\" \/><\/p>\n","protected":false},"excerpt":{"rendered":"<p>Les livrets scolaires seront tr\u00e8s prochainement disponibles ICI. Vous avez normalement vos identifiants pour vous connecter. Pour les \u00e9l\u00e8ves nouvellement inscrits, vous avez d\u00fb recevoir un mail vous informant des proc\u00e9dures pour valider votre compte. Pour les autres, ce sont &hellip; <a href=\"http:\/\/elem-granvelle-besancon.ac-besancon.fr\/?p=13511\">Continuer la lecture <span class=\"meta-nav\">&rarr;<\/span><\/a><\/p>\n","protected":false},"author":16,"featured_media":0,"comment_status":"closed","ping_status":"open","sticky":false,"template":"","format":"standard","meta":{"footnotes":""},"categories":[2],"tags":[],"class_list":["post-13511","post","type-post","status-publish","format-standard","hentry","category-infos-parents"],"_links":{"self":[{"href":"http:\/\/elem-granvelle-besancon.ac-besancon.fr\/index.php?rest_route=\/wp\/v2\/posts\/13511","targetHints":{"allow":["GET"]}}],"collection":[{"href":"http:\/\/elem-granvelle-besancon.ac-besancon.fr\/index.php?rest_route=\/wp\/v2\/posts"}],"about":[{"href":"http:\/\/elem-granvelle-besancon.ac-besancon.fr\/index.php?rest_route=\/wp\/v2\/types\/post"}],"author":[{"embeddable":true,"href":"http:\/\/elem-granvelle-besancon.ac-besancon.fr\/index.php?rest_route=\/wp\/v2\/users\/16"}],"replies":[{"embeddable":true,"href":"http:\/\/elem-granvelle-besancon.ac-besancon.fr\/index.php?rest_route=%2Fwp%2Fv2%2Fcomments&post=13511"}],"version-history":[{"count":4,"href":"http:\/\/elem-granvelle-besancon.ac-besancon.fr\/index.php?rest_route=\/wp\/v2\/posts\/13511\/revisions"}],"predecessor-version":[{"id":14041,"href":"http:\/\/elem-granvelle-besancon.ac-besancon.fr\/index.php?rest_route=\/wp\/v2\/posts\/13511\/revisions\/14041"}],"wp:attachment":[{"href":"http:\/\/elem-granvelle-besancon.ac-besancon.fr\/index.php?rest_route=%2Fwp%2Fv2%2Fmedia&parent=13511"}],"wp:term":[{"taxonomy":"category","embeddable":true,"href":"http:\/\/elem-granvelle-besancon.ac-besancon.fr\/index.php?rest_route=%2Fwp%2Fv2%2Fcategories&post=13511"},{"taxonomy":"post_tag","embeddable":true,"href":"http:\/\/elem-granvelle-besancon.ac-besancon.fr\/index.php?rest_route=%2Fwp%2Fv2%2Ftags&post=13511"}],"curies":[{"name":"wp","href":"https:\/\/api.w.org\/{rel}","templated":true}]}}