{"id":13518,"date":"2023-03-03T11:31:45","date_gmt":"2023-03-03T10:31:45","guid":{"rendered":"http:\/\/elem-granvelle-besancon.ac-besancon.fr\/?p=13518"},"modified":"2023-03-03T14:15:02","modified_gmt":"2023-03-03T13:15:02","slug":"classes-cham-2023-2024","status":"publish","type":"post","link":"http:\/\/elem-granvelle-besancon.ac-besancon.fr\/?p=13518","title":{"rendered":"Classes CHAM 2023-2024"},"content":{"rendered":"<p>La campagne d&#8217;inscription pour les classes \u00e0 horaires am\u00e9nag\u00e9s en <a href=\"http:\/\/elem-granvelle-besancon.ac-besancon.fr\/wp-content\/uploads\/sites\/15\/2023\/03\/courrier-parents-cham-2023-elem.pdf\">CE1, CE2, CM1 et CM2<\/a> va d\u00e9buter le 6 mars et se terminera le 7 avril. Si vous souhaitez un dossier, vous pouvez en faire la demande aupr\u00e8s de l&#8217;enseignant de votre enfant.<\/p>\n<p><a href=\"http:\/\/elem-granvelle-besancon.ac-besancon.fr\/wp-content\/uploads\/sites\/15\/2023\/03\/courrier-parents-cham-2023-elem.pdf\"><img loading=\"lazy\" decoding=\"async\" class=\"aligncenter wp-image-13519 size-large\" src=\"http:\/\/elem-granvelle-besancon.ac-besancon.fr\/wp-content\/uploads\/sites\/15\/2023\/03\/Cham-2023-elem-708x1024.jpg\" alt=\"\" width=\"584\" height=\"845\" srcset=\"http:\/\/elem-granvelle-besancon.ac-besancon.fr\/wp-content\/uploads\/sites\/15\/2023\/03\/Cham-2023-elem-708x1024.jpg 708w, http:\/\/elem-granvelle-besancon.ac-besancon.fr\/wp-content\/uploads\/sites\/15\/2023\/03\/Cham-2023-elem-208x300.jpg 208w, http:\/\/elem-granvelle-besancon.ac-besancon.fr\/wp-content\/uploads\/sites\/15\/2023\/03\/Cham-2023-elem-600x867.jpg 600w, http:\/\/elem-granvelle-besancon.ac-besancon.fr\/wp-content\/uploads\/sites\/15\/2023\/03\/Cham-2023-elem.jpg 745w\" sizes=\"auto, (max-width: 584px) 100vw, 584px\" \/><\/a><\/p>\n","protected":false},"excerpt":{"rendered":"<p>La campagne d&#8217;inscription pour les classes \u00e0 horaires am\u00e9nag\u00e9s en CE1, CE2, CM1 et CM2 va d\u00e9buter le 6 mars et se terminera le 7 avril. Si vous souhaitez un dossier, vous pouvez en faire la demande aupr\u00e8s de l&#8217;enseignant &hellip; <a href=\"http:\/\/elem-granvelle-besancon.ac-besancon.fr\/?p=13518\">Continuer la lecture <span class=\"meta-nav\">&rarr;<\/span><\/a><\/p>\n","protected":false},"author":16,"featured_media":0,"comment_status":"closed","ping_status":"open","sticky":false,"template":"","format":"standard","meta":{"footnotes":""},"categories":[2],"tags":[],"class_list":["post-13518","post","type-post","status-publish","format-standard","hentry","category-infos-parents"],"_links":{"self":[{"href":"http:\/\/elem-granvelle-besancon.ac-besancon.fr\/index.php?rest_route=\/wp\/v2\/posts\/13518","targetHints":{"allow":["GET"]}}],"collection":[{"href":"http:\/\/elem-granvelle-besancon.ac-besancon.fr\/index.php?rest_route=\/wp\/v2\/posts"}],"about":[{"href":"http:\/\/elem-granvelle-besancon.ac-besancon.fr\/index.php?rest_route=\/wp\/v2\/types\/post"}],"author":[{"embeddable":true,"href":"http:\/\/elem-granvelle-besancon.ac-besancon.fr\/index.php?rest_route=\/wp\/v2\/users\/16"}],"replies":[{"embeddable":true,"href":"http:\/\/elem-granvelle-besancon.ac-besancon.fr\/index.php?rest_route=%2Fwp%2Fv2%2Fcomments&post=13518"}],"version-history":[{"count":1,"href":"http:\/\/elem-granvelle-besancon.ac-besancon.fr\/index.php?rest_route=\/wp\/v2\/posts\/13518\/revisions"}],"predecessor-version":[{"id":13521,"href":"http:\/\/elem-granvelle-besancon.ac-besancon.fr\/index.php?rest_route=\/wp\/v2\/posts\/13518\/revisions\/13521"}],"wp:attachment":[{"href":"http:\/\/elem-granvelle-besancon.ac-besancon.fr\/index.php?rest_route=%2Fwp%2Fv2%2Fmedia&parent=13518"}],"wp:term":[{"taxonomy":"category","embeddable":true,"href":"http:\/\/elem-granvelle-besancon.ac-besancon.fr\/index.php?rest_route=%2Fwp%2Fv2%2Fcategories&post=13518"},{"taxonomy":"post_tag","embeddable":true,"href":"http:\/\/elem-granvelle-besancon.ac-besancon.fr\/index.php?rest_route=%2Fwp%2Fv2%2Ftags&post=13518"}],"curies":[{"name":"wp","href":"https:\/\/api.w.org\/{rel}","templated":true}]}}