{"id":13573,"date":"2023-03-30T11:48:46","date_gmt":"2023-03-30T09:48:46","guid":{"rendered":"http:\/\/elem-granvelle-besancon.ac-besancon.fr\/?p=13573"},"modified":"2023-03-30T14:29:30","modified_gmt":"2023-03-30T12:29:30","slug":"quatrieme-conseil-des-enfants","status":"publish","type":"post","link":"http:\/\/elem-granvelle-besancon.ac-besancon.fr\/?p=13573","title":{"rendered":"Quatri\u00e8me conseil des enfants"},"content":{"rendered":"<p>Nouvelle r\u00e9union des d\u00e9l\u00e9gu\u00e9s de classe ce vendredi 24 mars.<\/p>\n<p>En voici le compte-rendu : <a href=\"http:\/\/elem-granvelle-besancon.ac-besancon.fr\/wp-content\/uploads\/sites\/15\/2023\/03\/quatrieme-conseil-des-enfants-2022-2023.pdf\">quatri\u00e8me conseil des enfants 2022-2023<\/a> <a href=\"http:\/\/elem-granvelle-besancon.ac-besancon.fr\/wp-content\/uploads\/sites\/15\/2023\/03\/quatrieme-conseil-des-enfants-2022-2023.pdf\"><img loading=\"lazy\" decoding=\"async\" class=\"aligncenter wp-image-13575 size-large\" src=\"http:\/\/elem-granvelle-besancon.ac-besancon.fr\/wp-content\/uploads\/sites\/15\/2023\/03\/quatrieme-conseil-decole-714x1024.jpg\" alt=\"\" width=\"584\" height=\"838\" srcset=\"http:\/\/elem-granvelle-besancon.ac-besancon.fr\/wp-content\/uploads\/sites\/15\/2023\/03\/quatrieme-conseil-decole-714x1024.jpg 714w, http:\/\/elem-granvelle-besancon.ac-besancon.fr\/wp-content\/uploads\/sites\/15\/2023\/03\/quatrieme-conseil-decole-209x300.jpg 209w, http:\/\/elem-granvelle-besancon.ac-besancon.fr\/wp-content\/uploads\/sites\/15\/2023\/03\/quatrieme-conseil-decole-600x861.jpg 600w, http:\/\/elem-granvelle-besancon.ac-besancon.fr\/wp-content\/uploads\/sites\/15\/2023\/03\/quatrieme-conseil-decole.jpg 745w\" sizes=\"auto, (max-width: 584px) 100vw, 584px\" \/><\/a><\/p>\n","protected":false},"excerpt":{"rendered":"<p>Nouvelle r\u00e9union des d\u00e9l\u00e9gu\u00e9s de classe ce vendredi 24 mars. En voici le compte-rendu : quatri\u00e8me conseil des enfants 2022-2023<\/p>\n","protected":false},"author":16,"featured_media":0,"comment_status":"closed","ping_status":"open","sticky":false,"template":"","format":"standard","meta":{"footnotes":""},"categories":[2],"tags":[],"class_list":["post-13573","post","type-post","status-publish","format-standard","hentry","category-infos-parents"],"_links":{"self":[{"href":"http:\/\/elem-granvelle-besancon.ac-besancon.fr\/index.php?rest_route=\/wp\/v2\/posts\/13573","targetHints":{"allow":["GET"]}}],"collection":[{"href":"http:\/\/elem-granvelle-besancon.ac-besancon.fr\/index.php?rest_route=\/wp\/v2\/posts"}],"about":[{"href":"http:\/\/elem-granvelle-besancon.ac-besancon.fr\/index.php?rest_route=\/wp\/v2\/types\/post"}],"author":[{"embeddable":true,"href":"http:\/\/elem-granvelle-besancon.ac-besancon.fr\/index.php?rest_route=\/wp\/v2\/users\/16"}],"replies":[{"embeddable":true,"href":"http:\/\/elem-granvelle-besancon.ac-besancon.fr\/index.php?rest_route=%2Fwp%2Fv2%2Fcomments&post=13573"}],"version-history":[{"count":1,"href":"http:\/\/elem-granvelle-besancon.ac-besancon.fr\/index.php?rest_route=\/wp\/v2\/posts\/13573\/revisions"}],"predecessor-version":[{"id":13576,"href":"http:\/\/elem-granvelle-besancon.ac-besancon.fr\/index.php?rest_route=\/wp\/v2\/posts\/13573\/revisions\/13576"}],"wp:attachment":[{"href":"http:\/\/elem-granvelle-besancon.ac-besancon.fr\/index.php?rest_route=%2Fwp%2Fv2%2Fmedia&parent=13573"}],"wp:term":[{"taxonomy":"category","embeddable":true,"href":"http:\/\/elem-granvelle-besancon.ac-besancon.fr\/index.php?rest_route=%2Fwp%2Fv2%2Fcategories&post=13573"},{"taxonomy":"post_tag","embeddable":true,"href":"http:\/\/elem-granvelle-besancon.ac-besancon.fr\/index.php?rest_route=%2Fwp%2Fv2%2Ftags&post=13573"}],"curies":[{"name":"wp","href":"https:\/\/api.w.org\/{rel}","templated":true}]}}