{"id":13581,"date":"2023-03-30T14:39:21","date_gmt":"2023-03-30T12:39:21","guid":{"rendered":"http:\/\/elem-granvelle-besancon.ac-besancon.fr\/?p=13581"},"modified":"2023-03-30T14:44:50","modified_gmt":"2023-03-30T12:44:50","slug":"dautres-formes","status":"publish","type":"post","link":"http:\/\/elem-granvelle-besancon.ac-besancon.fr\/?p=13581","title":{"rendered":"D&#8217;autres formes !"},"content":{"rendered":"<p>\u00c0 Besan\u00e7on, du 5 au 9 avril au Mus\u00e9e des Beaux Arts et d\u2019Arch\u00e9ologie de Besan\u00e7on, au Mus\u00e9e du Temps, au CHU de Besan\u00e7on, \u00e0 La Rodia, au Campus de la Bouloie, \u00e0 l\u2019\u00c9ph\u00e9m\u00e9ride, \u00e0 la Citadelle, au Bastion, dans l\u2019espace public, \u00e0 l\u2019Universit\u00e9 de Franche-Comt\u00e9 et chez Reservoir Books !<\/p>\n<p><span style=\"font-family: HelveticaNeue\">Pendant ces quelques jours, vous allez pouvoir jouer sur une fresque peinte au sol qui peut se transformer en jeu vid\u00e9o, voir et diriger des personnages anim\u00e9s dans des tableaux du mus\u00e9e, d\u00e9former un b\u00e2timent \u00e0 l\u2019aide de votre t\u00e9l\u00e9phone, vous immerger dans une installation lumineuse g\u00e9ante compos\u00e9e de lasers, visiter une expo o\u00f9 vous \u00eates surveill\u00e9s pas \u00e0 pas, \u00e9crire un d\u00e9but d\u2019histoire et en conna\u00eetre la suite 2000 ans plus tard, parcourir le centre-ville avec un smartphone en carton, danser jusqu\u2019\u00e0 l\u2019\u00e9puisement et m\u00eame chercher des \u0153ufs de P\u00e2ques pour composer de la musique avec. (cliquez sur l&#8217;image pour plus d&#8217;<\/span>informations<span style=\"font-family: HelveticaNeue\">)<\/span><\/p>\n<p><a href=\"https:\/\/nouvelles-formes.com\/\"><img loading=\"lazy\" decoding=\"async\" class=\"aligncenter wp-image-13582 size-large\" src=\"http:\/\/elem-granvelle-besancon.ac-besancon.fr\/wp-content\/uploads\/sites\/15\/2023\/03\/Affiche-dautres-formes-5-au-9-avril-724x1024.jpg\" alt=\"\" width=\"584\" height=\"826\" srcset=\"http:\/\/elem-granvelle-besancon.ac-besancon.fr\/wp-content\/uploads\/sites\/15\/2023\/03\/Affiche-dautres-formes-5-au-9-avril-724x1024.jpg 724w, http:\/\/elem-granvelle-besancon.ac-besancon.fr\/wp-content\/uploads\/sites\/15\/2023\/03\/Affiche-dautres-formes-5-au-9-avril-212x300.jpg 212w, http:\/\/elem-granvelle-besancon.ac-besancon.fr\/wp-content\/uploads\/sites\/15\/2023\/03\/Affiche-dautres-formes-5-au-9-avril-600x848.jpg 600w, http:\/\/elem-granvelle-besancon.ac-besancon.fr\/wp-content\/uploads\/sites\/15\/2023\/03\/Affiche-dautres-formes-5-au-9-avril.jpg 764w\" sizes=\"auto, (max-width: 584px) 100vw, 584px\" \/><\/a><\/p>\n","protected":false},"excerpt":{"rendered":"<p>\u00c0 Besan\u00e7on, du 5 au 9 avril au Mus\u00e9e des Beaux Arts et d\u2019Arch\u00e9ologie de Besan\u00e7on, au Mus\u00e9e du Temps, au CHU de Besan\u00e7on, \u00e0 La Rodia, au Campus de la Bouloie, \u00e0 l\u2019\u00c9ph\u00e9m\u00e9ride, \u00e0 la Citadelle, au Bastion, dans &hellip; <a href=\"http:\/\/elem-granvelle-besancon.ac-besancon.fr\/?p=13581\">Continuer la lecture <span class=\"meta-nav\">&rarr;<\/span><\/a><\/p>\n","protected":false},"author":16,"featured_media":0,"comment_status":"closed","ping_status":"open","sticky":false,"template":"","format":"standard","meta":{"footnotes":""},"categories":[2,3],"tags":[],"class_list":["post-13581","post","type-post","status-publish","format-standard","hentry","category-infos-parents","category-les-classes"],"_links":{"self":[{"href":"http:\/\/elem-granvelle-besancon.ac-besancon.fr\/index.php?rest_route=\/wp\/v2\/posts\/13581","targetHints":{"allow":["GET"]}}],"collection":[{"href":"http:\/\/elem-granvelle-besancon.ac-besancon.fr\/index.php?rest_route=\/wp\/v2\/posts"}],"about":[{"href":"http:\/\/elem-granvelle-besancon.ac-besancon.fr\/index.php?rest_route=\/wp\/v2\/types\/post"}],"author":[{"embeddable":true,"href":"http:\/\/elem-granvelle-besancon.ac-besancon.fr\/index.php?rest_route=\/wp\/v2\/users\/16"}],"replies":[{"embeddable":true,"href":"http:\/\/elem-granvelle-besancon.ac-besancon.fr\/index.php?rest_route=%2Fwp%2Fv2%2Fcomments&post=13581"}],"version-history":[{"count":1,"href":"http:\/\/elem-granvelle-besancon.ac-besancon.fr\/index.php?rest_route=\/wp\/v2\/posts\/13581\/revisions"}],"predecessor-version":[{"id":13583,"href":"http:\/\/elem-granvelle-besancon.ac-besancon.fr\/index.php?rest_route=\/wp\/v2\/posts\/13581\/revisions\/13583"}],"wp:attachment":[{"href":"http:\/\/elem-granvelle-besancon.ac-besancon.fr\/index.php?rest_route=%2Fwp%2Fv2%2Fmedia&parent=13581"}],"wp:term":[{"taxonomy":"category","embeddable":true,"href":"http:\/\/elem-granvelle-besancon.ac-besancon.fr\/index.php?rest_route=%2Fwp%2Fv2%2Fcategories&post=13581"},{"taxonomy":"post_tag","embeddable":true,"href":"http:\/\/elem-granvelle-besancon.ac-besancon.fr\/index.php?rest_route=%2Fwp%2Fv2%2Ftags&post=13581"}],"curies":[{"name":"wp","href":"https:\/\/api.w.org\/{rel}","templated":true}]}}