{"id":13728,"date":"2023-05-11T11:31:51","date_gmt":"2023-05-11T09:31:51","guid":{"rendered":"http:\/\/elem-granvelle-besancon.ac-besancon.fr\/?p=13728"},"modified":"2023-05-11T14:31:49","modified_gmt":"2023-05-11T12:31:49","slug":"probleme-inscription-periscolaire","status":"publish","type":"post","link":"http:\/\/elem-granvelle-besancon.ac-besancon.fr\/?p=13728","title":{"rendered":"Probl\u00e8me inscription P\u00e9riscolaire"},"content":{"rendered":"<p style=\"font-weight: 400\"><a href=\"http:\/\/elem-granvelle-besancon.ac-besancon.fr\/?p=13693\">La pr\u00e9-inscription au p\u00e9riscolaire<\/a> de votre enfant sur le portail famille pr\u00e9sente cette ann\u00e9e une difficult\u00e9, l\u2019\u00e9tape se faisant en 2 fois et non pas en une seule contrairement aux apparences :<\/p>\n<ul style=\"font-weight: 400\">\n<li>Lorsque vous vous connectez, allez sur l\u2019ic\u00f4ne \u00ab\u00a0p\u00e9riscolaire 23-24\u00a0\u00bb, sur la ligne correspondant \u00e0 votre enfant nomm\u00e9 \u00ab\u00a0dossier Administratif P\u00e9riscolaire 2023\/2024\u00a0\u00bb. Fournissez les documents demand\u00e9s et validez.<\/li>\n<li>Si tout est complet, vous recevrez quelques jours plus tard un e-mail de la Direction de l\u2019\u00e9ducation vous informant que \u00ab votre demande Dossier Administratif P\u00e9riscolaire 2023\/2024 d\u00e9pos\u00e9e le \u2026 a \u00e9t\u00e9 trait\u00e9e positivement \u00bb.\u00a0<strong>ATTENTION ! CE MAIL EST TROMPEUR, LA PROCEDURE N\u2019EST PAS TERMINEE.<\/strong><\/li>\n<li>Un ou deux jours plus tard, vous devez vous rendre sur le portail famille. Retournez sur l\u2019ic\u00f4ne \u00ab p\u00e9riscolaire 23-24 \u00bb, trois lignes sont alors apparues au nom de votre enfant :\u00a0 Accueil p\u00e9riscolaire Matin &#8211; Midi &#8211; Apr\u00e8s-midi. C\u2019est \u00e0 ce stade que vous pourrez dire quand vous souhaitez mettre votre enfant au p\u00e9riscolaire.<\/li>\n<\/ul>\n<p style=\"font-weight: 400\"><strong><u>IL EST DONC INDISPENSABLE DE RETOURNER SUR LE PORTAIL POUR TERMINER LA DEMANDE !<\/u><\/strong><\/p>\n<p style=\"font-weight: 400\">\n","protected":false},"excerpt":{"rendered":"<p>La pr\u00e9-inscription au p\u00e9riscolaire de votre enfant sur le portail famille pr\u00e9sente cette ann\u00e9e une difficult\u00e9, l\u2019\u00e9tape se faisant en 2 fois et non pas en une seule contrairement aux apparences : Lorsque vous vous connectez, allez sur l\u2019ic\u00f4ne \u00ab\u00a0p\u00e9riscolaire &hellip; <a href=\"http:\/\/elem-granvelle-besancon.ac-besancon.fr\/?p=13728\">Continuer la lecture <span class=\"meta-nav\">&rarr;<\/span><\/a><\/p>\n","protected":false},"author":16,"featured_media":0,"comment_status":"closed","ping_status":"open","sticky":false,"template":"","format":"standard","meta":{"footnotes":""},"categories":[2],"tags":[],"class_list":["post-13728","post","type-post","status-publish","format-standard","hentry","category-infos-parents"],"_links":{"self":[{"href":"http:\/\/elem-granvelle-besancon.ac-besancon.fr\/index.php?rest_route=\/wp\/v2\/posts\/13728","targetHints":{"allow":["GET"]}}],"collection":[{"href":"http:\/\/elem-granvelle-besancon.ac-besancon.fr\/index.php?rest_route=\/wp\/v2\/posts"}],"about":[{"href":"http:\/\/elem-granvelle-besancon.ac-besancon.fr\/index.php?rest_route=\/wp\/v2\/types\/post"}],"author":[{"embeddable":true,"href":"http:\/\/elem-granvelle-besancon.ac-besancon.fr\/index.php?rest_route=\/wp\/v2\/users\/16"}],"replies":[{"embeddable":true,"href":"http:\/\/elem-granvelle-besancon.ac-besancon.fr\/index.php?rest_route=%2Fwp%2Fv2%2Fcomments&post=13728"}],"version-history":[{"count":3,"href":"http:\/\/elem-granvelle-besancon.ac-besancon.fr\/index.php?rest_route=\/wp\/v2\/posts\/13728\/revisions"}],"predecessor-version":[{"id":13731,"href":"http:\/\/elem-granvelle-besancon.ac-besancon.fr\/index.php?rest_route=\/wp\/v2\/posts\/13728\/revisions\/13731"}],"wp:attachment":[{"href":"http:\/\/elem-granvelle-besancon.ac-besancon.fr\/index.php?rest_route=%2Fwp%2Fv2%2Fmedia&parent=13728"}],"wp:term":[{"taxonomy":"category","embeddable":true,"href":"http:\/\/elem-granvelle-besancon.ac-besancon.fr\/index.php?rest_route=%2Fwp%2Fv2%2Fcategories&post=13728"},{"taxonomy":"post_tag","embeddable":true,"href":"http:\/\/elem-granvelle-besancon.ac-besancon.fr\/index.php?rest_route=%2Fwp%2Fv2%2Ftags&post=13728"}],"curies":[{"name":"wp","href":"https:\/\/api.w.org\/{rel}","templated":true}]}}