{"id":13749,"date":"2023-05-26T08:53:15","date_gmt":"2023-05-26T06:53:15","guid":{"rendered":"http:\/\/elem-granvelle-besancon.ac-besancon.fr\/?p=13749"},"modified":"2023-05-26T08:53:15","modified_gmt":"2023-05-26T06:53:15","slug":"les-rendez-vous-a-retenir","status":"publish","type":"post","link":"http:\/\/elem-granvelle-besancon.ac-besancon.fr\/?p=13749","title":{"rendered":"Les rendez vous \u00e0 retenir"},"content":{"rendered":"<p>1er juin : <a href=\"http:\/\/elem-granvelle-besancon.ac-besancon.fr\/?p=13755\">photos de classes<\/a><\/p>\n<p>2 juin : sortie Emma\u00fcs (CE2)<\/p>\n<p>2 juin : <a href=\"http:\/\/elem-granvelle-besancon.ac-besancon.fr\/?p=13482\">3\u00e8me conseil d&#8217;\u00e9cole<\/a><\/p>\n<p>3 juin : restitution parcours culturel au Mus\u00e9e du temps (CM1)<\/p>\n<p>5 juin : sortie th\u00e9\u00e2tre Ledoux (CP)<\/p>\n<p>6 juin : diffusion du conte musical (ULIS et CM1-CM2)<\/p>\n<p>13 juin : <a href=\"https:\/\/www.centre-image.org\/ecole-et-cinema-dans-le-doubs\">cin\u00e9ma E.T.<\/a> (CM1 et CM1-CM2)<\/p>\n<p>19 juin : randonn\u00e9e Pique-nique (CE2)<\/p>\n<p>23 juin : Chorale et f\u00eate d&#8217;\u00e9cole<\/p>\n<p>6 juillet : journ\u00e9e sport et jeux<\/p>\n<p>7 juillet : fin des cours<\/p>\n<p>&nbsp;<\/p>\n","protected":false},"excerpt":{"rendered":"<p>1er juin : photos de classes 2 juin : sortie Emma\u00fcs (CE2) 2 juin : 3\u00e8me conseil d&#8217;\u00e9cole 3 juin : restitution parcours culturel au Mus\u00e9e du temps (CM1) 5 juin : sortie th\u00e9\u00e2tre Ledoux (CP) 6 juin : diffusion &hellip; <a href=\"http:\/\/elem-granvelle-besancon.ac-besancon.fr\/?p=13749\">Continuer la lecture <span class=\"meta-nav\">&rarr;<\/span><\/a><\/p>\n","protected":false},"author":16,"featured_media":0,"comment_status":"closed","ping_status":"open","sticky":false,"template":"","format":"standard","meta":{"footnotes":""},"categories":[2,3],"tags":[],"class_list":["post-13749","post","type-post","status-publish","format-standard","hentry","category-infos-parents","category-les-classes"],"_links":{"self":[{"href":"http:\/\/elem-granvelle-besancon.ac-besancon.fr\/index.php?rest_route=\/wp\/v2\/posts\/13749","targetHints":{"allow":["GET"]}}],"collection":[{"href":"http:\/\/elem-granvelle-besancon.ac-besancon.fr\/index.php?rest_route=\/wp\/v2\/posts"}],"about":[{"href":"http:\/\/elem-granvelle-besancon.ac-besancon.fr\/index.php?rest_route=\/wp\/v2\/types\/post"}],"author":[{"embeddable":true,"href":"http:\/\/elem-granvelle-besancon.ac-besancon.fr\/index.php?rest_route=\/wp\/v2\/users\/16"}],"replies":[{"embeddable":true,"href":"http:\/\/elem-granvelle-besancon.ac-besancon.fr\/index.php?rest_route=%2Fwp%2Fv2%2Fcomments&post=13749"}],"version-history":[{"count":6,"href":"http:\/\/elem-granvelle-besancon.ac-besancon.fr\/index.php?rest_route=\/wp\/v2\/posts\/13749\/revisions"}],"predecessor-version":[{"id":13759,"href":"http:\/\/elem-granvelle-besancon.ac-besancon.fr\/index.php?rest_route=\/wp\/v2\/posts\/13749\/revisions\/13759"}],"wp:attachment":[{"href":"http:\/\/elem-granvelle-besancon.ac-besancon.fr\/index.php?rest_route=%2Fwp%2Fv2%2Fmedia&parent=13749"}],"wp:term":[{"taxonomy":"category","embeddable":true,"href":"http:\/\/elem-granvelle-besancon.ac-besancon.fr\/index.php?rest_route=%2Fwp%2Fv2%2Fcategories&post=13749"},{"taxonomy":"post_tag","embeddable":true,"href":"http:\/\/elem-granvelle-besancon.ac-besancon.fr\/index.php?rest_route=%2Fwp%2Fv2%2Ftags&post=13749"}],"curies":[{"name":"wp","href":"https:\/\/api.w.org\/{rel}","templated":true}]}}