{"id":13781,"date":"2023-06-08T09:57:36","date_gmt":"2023-06-08T07:57:36","guid":{"rendered":"http:\/\/elem-granvelle-besancon.ac-besancon.fr\/?p=13781"},"modified":"2023-06-08T09:57:36","modified_gmt":"2023-06-08T07:57:36","slug":"fete-de-fin-dannee","status":"publish","type":"post","link":"http:\/\/elem-granvelle-besancon.ac-besancon.fr\/?p=13781","title":{"rendered":"F\u00eate de fin d&#8217;ann\u00e9e"},"content":{"rendered":"<div class=\"gmail_attr\" dir=\"ltr\"><a href=\"http:\/\/elem-granvelle-besancon.ac-besancon.fr\/wp-content\/uploads\/sites\/15\/2023\/06\/APEEG-soiree-fin-dannee-23-juin-2023.pdf\">La f\u00eate des \u00e9coles maternelle et \u00e9l\u00e9mentaire Granvelle approche: le vendredi 23 juin \u00e0 partir de 18h.<\/a><\/div>\n<div dir=\"auto\">\n<div dir=\"auto\">La chorale des \u00e9l\u00e8ves de primaire a lieu \u00e0 18h. Bien s\u00fbr, les familles de l&#8217;\u00e9cole maternelle sont les bienvenues d\u00e8s le d\u00e9but sinon rejoignez-nous un peu plus tard pour juste profiter du reste de la f\u00eate !!<\/div>\n<div dir=\"auto\">Pour la suite du programme :<\/div>\n<div dir=\"auto\">&#8211; Repas partag\u00e9 avec la vente de hot-dogs (produits locaux), de barbes \u00e0 papa, de glaces, de bi\u00e8res etc.<\/div>\n<div dir=\"auto\">&#8211; Il y aura \u00e9galement le tirage au sort de la fameuse tombola. Nous avons d&#8217;ores et d\u00e9j\u00e0 les 2 premiers lots (1 bon d&#8217;achat en librairie et une petite surprise cocon-flottaison\u00a0<a href=\"https:\/\/www.cocon-flottaison.com\/\" target=\"_blank\" rel=\"noopener\">https:\/\/www.cocon-flottaison.com\/<\/a>). Vous recevrez tr\u00e8s prochainement des petits carnets de 5 tickets \u00e0 2euros \u00e0 vendre. Nous reviendrons vers vous avec le d\u00e9tail de cette tombola d\u00e8s que possible .<\/div>\n<div dir=\"auto\">&#8211; Et pour terminer la soir\u00e9e, la cour de r\u00e9cr\u00e9 se transformera en dancefloor avec un DJ set de Fred Balkayou&#8230;<\/div>\n<div dir=\"auto\"><\/div>\n<div dir=\"auto\">En attendant, toute l&#8217;\u00e9quipe de l&#8217;association de parents d&#8217;\u00e9l\u00e8ves pr\u00e9pare cet \u00e9v\u00e9nement et nous aurions besoin de votre aide pour :<\/div>\n<div dir=\"auto\">&#8211; Trouver des chouettes lots pour la tombola (cette ann\u00e9e, nous aimerions \u00e9viter un tirage au sort \u00e0 rallonge et privil\u00e9gier davantage des lots &#8220;qualitatifs&#8221;, alors \u00e0 vos contacts !).<\/div>\n<div dir=\"auto\">&#8211; Cuisiner quelques accompagnements aux hot-dogs (salades, g\u00e2teaux et autres douceurs&#8230;). Pour le repas, pensez \u00e0 prendre vos petites affaires de pique-nique si possible sans oublier vos \u00e9cocups !<\/div>\n<div dir=\"auto\">Alors en esp\u00e9rant vous voir tr\u00e8s nombreux pour f\u00eater cette fin d&#8217;ann\u00e9e et se souhaiter \u00e0 tous de tr\u00e8s bonnes vacances !!<\/div>\n<div dir=\"auto\">L&#8217;\u00e9quipe de l&#8217;Apeeg<\/div>\n<div><a title=\"Composer un message \u00e0 assogranvelle@gmail.com\">assogranvelle@gmail.com<\/a><\/div>\n<div><img loading=\"lazy\" decoding=\"async\" class=\"aligncenter size-large wp-image-13779\" src=\"http:\/\/elem-granvelle-besancon.ac-besancon.fr\/wp-content\/uploads\/sites\/15\/2022\/05\/affiche-soiree-de-fin-dannee-23-juin-2023-725x1024.jpg\" alt=\"\" width=\"584\" height=\"825\" srcset=\"http:\/\/elem-granvelle-besancon.ac-besancon.fr\/wp-content\/uploads\/sites\/15\/2022\/05\/affiche-soiree-de-fin-dannee-23-juin-2023-725x1024.jpg 725w, http:\/\/elem-granvelle-besancon.ac-besancon.fr\/wp-content\/uploads\/sites\/15\/2022\/05\/affiche-soiree-de-fin-dannee-23-juin-2023-212x300.jpg 212w, http:\/\/elem-granvelle-besancon.ac-besancon.fr\/wp-content\/uploads\/sites\/15\/2022\/05\/affiche-soiree-de-fin-dannee-23-juin-2023-600x848.jpg 600w, http:\/\/elem-granvelle-besancon.ac-besancon.fr\/wp-content\/uploads\/sites\/15\/2022\/05\/affiche-soiree-de-fin-dannee-23-juin-2023.jpg 761w\" sizes=\"auto, (max-width: 584px) 100vw, 584px\" \/><\/div>\n<\/div>\n","protected":false},"excerpt":{"rendered":"<p>La f\u00eate des \u00e9coles maternelle et \u00e9l\u00e9mentaire Granvelle approche: le vendredi 23 juin \u00e0 partir de 18h. La chorale des \u00e9l\u00e8ves de primaire a lieu \u00e0 18h. Bien s\u00fbr, les familles de l&#8217;\u00e9cole maternelle sont les bienvenues d\u00e8s le d\u00e9but &hellip; <a href=\"http:\/\/elem-granvelle-besancon.ac-besancon.fr\/?p=13781\">Continuer la lecture <span class=\"meta-nav\">&rarr;<\/span><\/a><\/p>\n","protected":false},"author":16,"featured_media":0,"comment_status":"closed","ping_status":"open","sticky":false,"template":"","format":"standard","meta":{"footnotes":""},"categories":[15,2,3],"tags":[],"class_list":["post-13781","post","type-post","status-publish","format-standard","hentry","category-apeeg","category-infos-parents","category-les-classes"],"_links":{"self":[{"href":"http:\/\/elem-granvelle-besancon.ac-besancon.fr\/index.php?rest_route=\/wp\/v2\/posts\/13781","targetHints":{"allow":["GET"]}}],"collection":[{"href":"http:\/\/elem-granvelle-besancon.ac-besancon.fr\/index.php?rest_route=\/wp\/v2\/posts"}],"about":[{"href":"http:\/\/elem-granvelle-besancon.ac-besancon.fr\/index.php?rest_route=\/wp\/v2\/types\/post"}],"author":[{"embeddable":true,"href":"http:\/\/elem-granvelle-besancon.ac-besancon.fr\/index.php?rest_route=\/wp\/v2\/users\/16"}],"replies":[{"embeddable":true,"href":"http:\/\/elem-granvelle-besancon.ac-besancon.fr\/index.php?rest_route=%2Fwp%2Fv2%2Fcomments&post=13781"}],"version-history":[{"count":1,"href":"http:\/\/elem-granvelle-besancon.ac-besancon.fr\/index.php?rest_route=\/wp\/v2\/posts\/13781\/revisions"}],"predecessor-version":[{"id":13784,"href":"http:\/\/elem-granvelle-besancon.ac-besancon.fr\/index.php?rest_route=\/wp\/v2\/posts\/13781\/revisions\/13784"}],"wp:attachment":[{"href":"http:\/\/elem-granvelle-besancon.ac-besancon.fr\/index.php?rest_route=%2Fwp%2Fv2%2Fmedia&parent=13781"}],"wp:term":[{"taxonomy":"category","embeddable":true,"href":"http:\/\/elem-granvelle-besancon.ac-besancon.fr\/index.php?rest_route=%2Fwp%2Fv2%2Fcategories&post=13781"},{"taxonomy":"post_tag","embeddable":true,"href":"http:\/\/elem-granvelle-besancon.ac-besancon.fr\/index.php?rest_route=%2Fwp%2Fv2%2Ftags&post=13781"}],"curies":[{"name":"wp","href":"https:\/\/api.w.org\/{rel}","templated":true}]}}